{"id":25460,"date":"2020-04-10T15:00:16","date_gmt":"2020-04-10T15:00:16","guid":{"rendered":"https:\/\/armstrongyregion.com.ar\/diario\/?p=25460"},"modified":"2020-04-10T15:00:18","modified_gmt":"2020-04-10T15:00:18","slug":"coronavirus-la-provincia-ahora-espera-el-pico-para-el-mes-de-mayo","status":"publish","type":"post","link":"https:\/\/armstrongyregion.com.ar\/diario\/coronavirus-la-provincia-ahora-espera-el-pico-para-el-mes-de-mayo\/","title":{"rendered":"Coronavirus: la provincia ahora espera el pico para el mes de mayo"},"content":{"rendered":"\n<figure class=\"wp-block-image size-large\"><img loading=\"lazy\" decoding=\"async\" width=\"772\" height=\"435\" src=\"http:\/\/armstrongyregion.com.ar\/diario\/wp-content\/uploads\/2020\/04\/soniaxmartorano.jpg\" alt=\"\" class=\"wp-image-25461\" srcset=\"https:\/\/armstrongyregion.com.ar\/diario\/wp-content\/uploads\/2020\/04\/soniaxmartorano.jpg 772w, https:\/\/armstrongyregion.com.ar\/diario\/wp-content\/uploads\/2020\/04\/soniaxmartorano-300x169.jpg 300w, https:\/\/armstrongyregion.com.ar\/diario\/wp-content\/uploads\/2020\/04\/soniaxmartorano-768x433.jpg 768w\" sizes=\"auto, (max-width: 772px) 100vw, 772px\" \/><\/figure>\n\n\n\n<h2 class=\"wp-block-heading\"> <em>Aunque la previsi\u00f3n inicial apuntaba al 15 de abril, hoy la curva es \u00ablineal\u00bb. Llaman a continuar con el aislamiento y las medidas preventivas<\/em> <\/h2>\n\n\n\n<p> La secretaria de salud provincial Sonia Martorano confirm\u00f3 que este jueves Santa Fe sum\u00f3 siete nuevos casos de coronavirus, siendo 196 el n\u00famero acumulado hasta el momento. <\/p>\n\n\n\n<p>En tanto hay 172 muestras en estudio y dos fallecidos desde el inicio de la pandemia, el \u00faltimo de ellos registrado este jueves en la ciudad de Rafaela.<\/p>\n\n\n\n<p>La funcionaria reconoci\u00f3 que \u00abla curva nuestra (de Santa Fe) es lineal, esto nos est\u00e1 permitiendo que el pico que esper\u00e1bamos para el 15 de abril se retrase un poco\u00bb. Sin embargo aclar\u00f3 que aunque \u00abesto es bueno, no hay que minimizar\u00bb.<\/p>\n\n\n\n<p>Martorano reiter\u00f3 la necesidad de seguir por el mismo camino y continuar acatando las \u00f3rdenes oficiales: \u00abHay que mantener el aislamiento preventivo obligatorio, los resultados se van notando\u00bb.&nbsp;<\/p>\n\n\n\n<p>El parte provincial detalla adem\u00e1s que en Rosario hay 79 casos positivos, siendo la ciudad de la regi\u00f3n con m\u00e1s casos. En tanto Santa Fe suma 28 positivos y Rafaela 18.\u00a0<\/p>\n\n\n\n<p><\/p>\n","protected":false},"excerpt":{"rendered":"<p>Aunque la previsi\u00f3n inicial apuntaba al 15 de abril, hoy la curva es \u00ablineal\u00bb. Llaman a continuar con el aislamiento y las medidas preventivas La secretaria de salud provincial Sonia Martorano confirm\u00f3 que este jueves Santa Fe sum\u00f3 siete nuevos casos de coronavirus, siendo 196 el n\u00famero acumulado hasta el momento. En tanto hay 172 <a href=\"https:\/\/armstrongyregion.com.ar\/diario\/coronavirus-la-provincia-ahora-espera-el-pico-para-el-mes-de-mayo\/\" title=\"Read more\" >&#8230;<\/a><\/p>\n","protected":false},"author":1,"featured_media":25461,"comment_status":"open","ping_status":"open","sticky":false,"template":"","format":"image","meta":{"_jetpack_memberships_contains_paid_content":false,"footnotes":"","jetpack_publicize_message":"","jetpack_publicize_feature_enabled":true,"jetpack_social_post_already_shared":true,"jetpack_social_options":{"image_generator_settings":{"template":"highway","default_image_id":0,"enabled":false},"version":2}},"categories":[8,1,2,4,3],"tags":[],"class_list":["post-25460","post","type-post","status-publish","format-image","has-post-thumbnail","hentry","category-deliberando","category-diario-armstrong","category-locales","category-prevencion-salud","category-region","post_format-post-format-image"],"jetpack_publicize_connections":[],"jetpack_featured_media_url":"https:\/\/armstrongyregion.com.ar\/diario\/wp-content\/uploads\/2020\/04\/soniaxmartorano.jpg","jetpack_shortlink":"https:\/\/wp.me\/p62QDO-6CE","jetpack_sharing_enabled":true,"amp_enabled":true,"_links":{"self":[{"href":"https:\/\/armstrongyregion.com.ar\/diario\/wp-json\/wp\/v2\/posts\/25460","targetHints":{"allow":["GET"]}}],"collection":[{"href":"https:\/\/armstrongyregion.com.ar\/diario\/wp-json\/wp\/v2\/posts"}],"about":[{"href":"https:\/\/armstrongyregion.com.ar\/diario\/wp-json\/wp\/v2\/types\/post"}],"author":[{"embeddable":true,"href":"https:\/\/armstrongyregion.com.ar\/diario\/wp-json\/wp\/v2\/users\/1"}],"replies":[{"embeddable":true,"href":"https:\/\/armstrongyregion.com.ar\/diario\/wp-json\/wp\/v2\/comments?post=25460"}],"version-history":[{"count":1,"href":"https:\/\/armstrongyregion.com.ar\/diario\/wp-json\/wp\/v2\/posts\/25460\/revisions"}],"predecessor-version":[{"id":25462,"href":"https:\/\/armstrongyregion.com.ar\/diario\/wp-json\/wp\/v2\/posts\/25460\/revisions\/25462"}],"wp:featuredmedia":[{"embeddable":true,"href":"https:\/\/armstrongyregion.com.ar\/diario\/wp-json\/wp\/v2\/media\/25461"}],"wp:attachment":[{"href":"https:\/\/armstrongyregion.com.ar\/diario\/wp-json\/wp\/v2\/media?parent=25460"}],"wp:term":[{"taxonomy":"category","embeddable":true,"href":"https:\/\/armstrongyregion.com.ar\/diario\/wp-json\/wp\/v2\/categories?post=25460"},{"taxonomy":"post_tag","embeddable":true,"href":"https:\/\/armstrongyregion.com.ar\/diario\/wp-json\/wp\/v2\/tags?post=25460"}],"curies":[{"name":"wp","href":"https:\/\/api.w.org\/{rel}","templated":true}]}}