{"id":2545,"date":"2015-06-08T22:11:07","date_gmt":"2015-06-08T22:11:07","guid":{"rendered":"https:\/\/armstrongyregion.com.ar\/diario\/?p=2545"},"modified":"2015-06-08T22:11:07","modified_gmt":"2015-06-08T22:11:07","slug":"la-escuela-n-600-manuel-belgrano-inauguro-su-nuevo-comedor","status":"publish","type":"post","link":"https:\/\/armstrongyregion.com.ar\/diario\/la-escuela-n-600-manuel-belgrano-inauguro-su-nuevo-comedor\/","title":{"rendered":"La Escuela N. 600 Manuel Belgrano inauguro su nuevo comedor."},"content":{"rendered":"<p><a href=\"http:\/\/armstrongyregion.com.ar\/diario\/wp-content\/uploads\/2015\/06\/IMG-20150608-WA0024.jpg\"><img loading=\"lazy\" decoding=\"async\" class=\"alignnone size-medium wp-image-2546\" src=\"http:\/\/armstrongyregion.com.ar\/diario\/wp-content\/uploads\/2015\/06\/IMG-20150608-WA0024-300x225.jpg\" alt=\"Iris Ontivero\" width=\"300\" height=\"225\" srcset=\"https:\/\/armstrongyregion.com.ar\/diario\/wp-content\/uploads\/2015\/06\/IMG-20150608-WA0024-300x225.jpg 300w, https:\/\/armstrongyregion.com.ar\/diario\/wp-content\/uploads\/2015\/06\/IMG-20150608-WA0024-1024x768.jpg 1024w, https:\/\/armstrongyregion.com.ar\/diario\/wp-content\/uploads\/2015\/06\/IMG-20150608-WA0024.jpg 1280w\" sizes=\"auto, (max-width: 300px) 100vw, 300px\" \/><\/a>En un acto sencillo, c\u00e1lido y muy emotivo acto, las autoridades de la escuela dejaron habilitado este nuevo espacio f\u00edsico logrado a fuerza de trabajo, solidaridad y mucho esfuerzo\u2026.<br \/>\nCon la presencia del intendente municipal, Pablo Verdecchia, la Sra. Directora Iris Ontivero, realiz\u00f3 el corte de cinta, y dijo, \u201cEste es un momento de enorme orgullo, todo lo conseguido es fruto del empe\u00f1o, el trabajo y el esfuerzo de la gente, para que los chicos tengan todas las comodidades que necesitan para almorzar c\u00f3modos y bien atendidos. Con el horario ampliado 150 chicos van a comer aqu\u00ed en distintos turnos\u201d.<br \/>\nLa directora muy emocionada expres\u00f3 \u201cGracias a la comunidad, esto hoy, ya es una realidad\u201d.<\/p>\n","protected":false},"excerpt":{"rendered":"<p>En un acto sencillo, c\u00e1lido y muy emotivo acto, las autoridades de la escuela dejaron habilitado este nuevo espacio f\u00edsico logrado a fuerza de trabajo, solidaridad y mucho esfuerzo\u2026. Con la presencia del intendente municipal, Pablo Verdecchia, la Sra. Directora Iris Ontivero, realiz\u00f3 el corte de cinta, y dijo, \u201cEste es un momento de enorme <a href=\"https:\/\/armstrongyregion.com.ar\/diario\/la-escuela-n-600-manuel-belgrano-inauguro-su-nuevo-comedor\/\" title=\"Read more\" >&#8230;<\/a><\/p>\n","protected":false},"author":2,"featured_media":2546,"comment_status":"open","ping_status":"open","sticky":false,"template":"","format":"standard","meta":{"_jetpack_memberships_contains_paid_content":false,"footnotes":"","jetpack_publicize_message":"","jetpack_publicize_feature_enabled":true,"jetpack_social_post_already_shared":false,"jetpack_social_options":{"image_generator_settings":{"template":"highway","default_image_id":0,"enabled":false},"version":2}},"categories":[6,1,2],"tags":[931,873,896,1928,1028,31,1284,51,35],"class_list":["post-2545","post","type-post","status-publish","format-standard","has-post-thumbnail","hentry","category-cultura-entretenimiento","category-diario-armstrong","category-locales","tag-931","tag-belgrano","tag-comedor","tag-escuela-n","tag-inauguro","tag-la","tag-manuel","tag-nuevo","tag-su"],"jetpack_publicize_connections":[],"jetpack_featured_media_url":"https:\/\/armstrongyregion.com.ar\/diario\/wp-content\/uploads\/2015\/06\/IMG-20150608-WA0024.jpg","jetpack_shortlink":"https:\/\/wp.me\/p62QDO-F3","jetpack_sharing_enabled":true,"amp_enabled":true,"_links":{"self":[{"href":"https:\/\/armstrongyregion.com.ar\/diario\/wp-json\/wp\/v2\/posts\/2545","targetHints":{"allow":["GET"]}}],"collection":[{"href":"https:\/\/armstrongyregion.com.ar\/diario\/wp-json\/wp\/v2\/posts"}],"about":[{"href":"https:\/\/armstrongyregion.com.ar\/diario\/wp-json\/wp\/v2\/types\/post"}],"author":[{"embeddable":true,"href":"https:\/\/armstrongyregion.com.ar\/diario\/wp-json\/wp\/v2\/users\/2"}],"replies":[{"embeddable":true,"href":"https:\/\/armstrongyregion.com.ar\/diario\/wp-json\/wp\/v2\/comments?post=2545"}],"version-history":[{"count":0,"href":"https:\/\/armstrongyregion.com.ar\/diario\/wp-json\/wp\/v2\/posts\/2545\/revisions"}],"wp:featuredmedia":[{"embeddable":true,"href":"https:\/\/armstrongyregion.com.ar\/diario\/wp-json\/wp\/v2\/media\/2546"}],"wp:attachment":[{"href":"https:\/\/armstrongyregion.com.ar\/diario\/wp-json\/wp\/v2\/media?parent=2545"}],"wp:term":[{"taxonomy":"category","embeddable":true,"href":"https:\/\/armstrongyregion.com.ar\/diario\/wp-json\/wp\/v2\/categories?post=2545"},{"taxonomy":"post_tag","embeddable":true,"href":"https:\/\/armstrongyregion.com.ar\/diario\/wp-json\/wp\/v2\/tags?post=2545"}],"curies":[{"name":"wp","href":"https:\/\/api.w.org\/{rel}","templated":true}]}}