{"id":25444,"date":"2020-04-09T00:26:53","date_gmt":"2020-04-09T00:26:53","guid":{"rendered":"https:\/\/armstrongyregion.com.ar\/diario\/?p=25444"},"modified":"2020-04-09T00:29:10","modified_gmt":"2020-04-09T00:29:10","slug":"un-sector-de-la-sociedad-no-tiene-una-actitud-cristiana-y-solidaria-hacia-el-enfermo","status":"publish","type":"post","link":"https:\/\/armstrongyregion.com.ar\/diario\/un-sector-de-la-sociedad-no-tiene-una-actitud-cristiana-y-solidaria-hacia-el-enfermo\/","title":{"rendered":"\u00abUn sector de la sociedad no tiene una actitud cristiana y solidaria hacia el enfermo\u00bb"},"content":{"rendered":"\n<figure class=\"wp-block-image size-large\"><img loading=\"lazy\" decoding=\"async\" width=\"702\" height=\"469\" src=\"http:\/\/armstrongyregion.com.ar\/diario\/wp-content\/uploads\/2020\/04\/Monta\u00f1es.jpg\" alt=\"\" class=\"wp-image-25445\" srcset=\"https:\/\/armstrongyregion.com.ar\/diario\/wp-content\/uploads\/2020\/04\/Monta\u00f1es.jpg 702w, https:\/\/armstrongyregion.com.ar\/diario\/wp-content\/uploads\/2020\/04\/Monta\u00f1es-300x200.jpg 300w\" sizes=\"auto, (max-width: 702px) 100vw, 702px\" \/><\/figure>\n\n\n\n<h2 class=\"wp-block-heading\"> As\u00ed lo expres\u00f3 el Dr. Alejandro Montagne, al brindar informaci\u00f3n oficial sobre el primer caso de Covid19 en Las Rosas. Dio detalles profesionales sobre las acciones del protocolo respectivo. <\/h2>\n\n\n\n<p>El m\u00e9dico del plantel profesional del Hospital de Las Rosas -a trav\u00e9s de una entrevista telef\u00f3nica con Renacer Regional desde dicha instituci\u00f3n de salud- brind\u00f3 una clara y fundamentada explicaci\u00f3n sobre los pasos a seguir seg\u00fan el protocolo; de las acciones que deben tener las personas que tuvieron contacto con el paciente; y del comportamiento que merece darse la sociedad ante un caso de enfermedad, evitando estigmatizar y discriminar al enfermo.<\/p>\n\n\n\n<p><\/p>\n\n\n\n<figure class=\"wp-block-audio\"><audio controls src=\"http:\/\/armstrongyregion.com.ar\/diario\/wp-content\/uploads\/2020\/04\/1586388445_dralejandromontagnecoronavirusexplic-rosasdigital-ivoox49835585.mp3\"><\/audio><\/figure>\n\n\n\n<p><strong>(Se recomienda escuchar el audio integro. Da informaci\u00f3n muy concreta y con base cient\u00edfica)<\/strong><\/p>\n\n\n\n<p>Fuente: Las Rosas Digital.<\/p>\n","protected":false},"excerpt":{"rendered":"<p>As\u00ed lo expres\u00f3 el Dr. Alejandro Montagne, al brindar informaci\u00f3n oficial sobre el primer caso de Covid19 en Las Rosas. Dio detalles profesionales sobre las acciones del protocolo respectivo. El m\u00e9dico del plantel profesional del Hospital de Las Rosas -a trav\u00e9s de una entrevista telef\u00f3nica con Renacer Regional desde dicha instituci\u00f3n de salud- brind\u00f3 una <a href=\"https:\/\/armstrongyregion.com.ar\/diario\/un-sector-de-la-sociedad-no-tiene-una-actitud-cristiana-y-solidaria-hacia-el-enfermo\/\" title=\"Read more\" >&#8230;<\/a><\/p>\n","protected":false},"author":1,"featured_media":25445,"comment_status":"open","ping_status":"open","sticky":false,"template":"","format":"image","meta":{"_jetpack_memberships_contains_paid_content":false,"footnotes":"","jetpack_publicize_message":"","jetpack_publicize_feature_enabled":true,"jetpack_social_post_already_shared":true,"jetpack_social_options":{"image_generator_settings":{"template":"highway","default_image_id":0,"enabled":false},"version":2}},"categories":[8,1,7,3],"tags":[],"class_list":["post-25444","post","type-post","status-publish","format-image","has-post-thumbnail","hentry","category-deliberando","category-diario-armstrong","category-politica","category-region","post_format-post-format-image"],"jetpack_publicize_connections":[],"jetpack_featured_media_url":"https:\/\/armstrongyregion.com.ar\/diario\/wp-content\/uploads\/2020\/04\/Monta\u00f1es.jpg","jetpack_shortlink":"https:\/\/wp.me\/p62QDO-6Co","jetpack_sharing_enabled":true,"amp_enabled":true,"_links":{"self":[{"href":"https:\/\/armstrongyregion.com.ar\/diario\/wp-json\/wp\/v2\/posts\/25444","targetHints":{"allow":["GET"]}}],"collection":[{"href":"https:\/\/armstrongyregion.com.ar\/diario\/wp-json\/wp\/v2\/posts"}],"about":[{"href":"https:\/\/armstrongyregion.com.ar\/diario\/wp-json\/wp\/v2\/types\/post"}],"author":[{"embeddable":true,"href":"https:\/\/armstrongyregion.com.ar\/diario\/wp-json\/wp\/v2\/users\/1"}],"replies":[{"embeddable":true,"href":"https:\/\/armstrongyregion.com.ar\/diario\/wp-json\/wp\/v2\/comments?post=25444"}],"version-history":[{"count":3,"href":"https:\/\/armstrongyregion.com.ar\/diario\/wp-json\/wp\/v2\/posts\/25444\/revisions"}],"predecessor-version":[{"id":25450,"href":"https:\/\/armstrongyregion.com.ar\/diario\/wp-json\/wp\/v2\/posts\/25444\/revisions\/25450"}],"wp:featuredmedia":[{"embeddable":true,"href":"https:\/\/armstrongyregion.com.ar\/diario\/wp-json\/wp\/v2\/media\/25445"}],"wp:attachment":[{"href":"https:\/\/armstrongyregion.com.ar\/diario\/wp-json\/wp\/v2\/media?parent=25444"}],"wp:term":[{"taxonomy":"category","embeddable":true,"href":"https:\/\/armstrongyregion.com.ar\/diario\/wp-json\/wp\/v2\/categories?post=25444"},{"taxonomy":"post_tag","embeddable":true,"href":"https:\/\/armstrongyregion.com.ar\/diario\/wp-json\/wp\/v2\/tags?post=25444"}],"curies":[{"name":"wp","href":"https:\/\/api.w.org\/{rel}","templated":true}]}}