{"id":25412,"date":"2020-04-05T14:58:54","date_gmt":"2020-04-05T14:58:54","guid":{"rendered":"https:\/\/armstrongyregion.com.ar\/diario\/?p=25412"},"modified":"2020-04-05T14:58:57","modified_gmt":"2020-04-05T14:58:57","slug":"perotti-la-reaccion-ha-sido-positiva-en-la-provincia-para-reorganizar-la-atencion-bancaria","status":"publish","type":"post","link":"https:\/\/armstrongyregion.com.ar\/diario\/perotti-la-reaccion-ha-sido-positiva-en-la-provincia-para-reorganizar-la-atencion-bancaria\/","title":{"rendered":"Perotti: \u201cLa reacci\u00f3n ha sido positiva en la provincia para reorganizar la atenci\u00f3n bancaria\u201d"},"content":{"rendered":"\n<figure class=\"wp-block-image size-large\"><img loading=\"lazy\" decoding=\"async\" width=\"727\" height=\"600\" src=\"http:\/\/armstrongyregion.com.ar\/diario\/wp-content\/uploads\/2020\/04\/WhatsApp-Image-2020-04-04-at-15.51.48.jpeg\" alt=\"\" class=\"wp-image-25413\" srcset=\"https:\/\/armstrongyregion.com.ar\/diario\/wp-content\/uploads\/2020\/04\/WhatsApp-Image-2020-04-04-at-15.51.48.jpeg 727w, https:\/\/armstrongyregion.com.ar\/diario\/wp-content\/uploads\/2020\/04\/WhatsApp-Image-2020-04-04-at-15.51.48-300x248.jpeg 300w\" sizes=\"auto, (max-width: 727px) 100vw, 727px\" \/><\/figure>\n\n\n\n<p><em>El gobernador de Santa Fe se refiri\u00f3 a la situaci\u00f3n que se vivi\u00f3 este viernes en los bancos de todo el pa\u00eds. Destac\u00f3 el trabajo coordinado con los municipios y equipos de salud para ordenar y resguardar la salud de los jubilados y beneficiarios.<\/em><\/p>\n\n\n\n<p>El gobernador de la provincia, Omar Perotti, se refiri\u00f3 este s\u00e1bado a lo ocurrido ayer en las puertas de los bancos en el territorio santafesino, donde se formaron largas filas de jubilados y beneficiarios de asignaciones sociales. \u201cDurante toda la ma\u00f1ana nos mantuvimos en comunicaci\u00f3n con los intendentes y con los responsables de salud a fin de analizar en que localidades se estaban desarrollando las mejores pr\u00e1cticas frente a una situaci\u00f3n que desbordaba lo previsto. Donde evidenciamos experiencias positivas las fuimos analizando r\u00e1pidamente y a partir de all\u00ed generamos recomendaciones para toda la provincia a fin de readecuar el normal funcionamiento\u201d.<\/p>\n\n\n\n<p>En ese sentido, el mandatario provincial destac\u00f3 que en Santa Fe \u201cel distanciamiento se cumpli\u00f3 en algunos lugares. Sugerimos la implementaci\u00f3n de las sillas donde la gente va tomando su ubicaci\u00f3n, a medida que lo van llamando. Adem\u00e1s procuramos que se corten las calles en los alrededores de los bancos para generar cierto orden y distanciamiento. Hoy creo que la situaci\u00f3n ha sido totalmente distinta aunque todav\u00eda restan cuestiones para mejorar, pero hemos tenido una clara se\u00f1al de reacci\u00f3n que es positiva y necesaria\u201d.<\/p>\n\n\n\n<p>Para Perotti lo ocurrido \u201cnos tiene que poner en alerta que no hay una acci\u00f3n de descuido m\u00e1s. Como parte de esto, a los beneficiarios de asignaciones y a nuestros abuelos tenemos que trasladarles que la plata en el banco va a seguir estando, que no hay que desesperarse el primer d\u00eda porque no es que hay dinero, sino que el dinero de cada uno va a estar ah\u00ed. Los jubilados son muy importantes para nosotros, y por eso hemos puesto todo nuestro esfuerzo en implementar medidas para cumplir con el objetivo que nos propusimos que es cuidar su salud\u201d.<\/p>\n\n\n\n<p>Asimismo, el gobernador reconoci\u00f3 que durante la jornada del viernes mantuvo contacto con las autoridades del Banco Central de la Rep\u00fablica Argentina \u201cpara que directamente con la Superintendencia, que es la ejerce el contralor del funcionamiento de los bancos, les exijan una disposici\u00f3n diferente por cierto, como ser el m\u00ednimo de cajeros, los horarios, la responsabilidad y la obligaci\u00f3n como se dio de abrir un s\u00e1bado y domingo\u201d.<\/p>\n\n\n\n<p>En otro orden, el primer mandatario santafesino anunci\u00f3 que desde el lunes, el Ministerio de Educaci\u00f3n de la provincia, en distintas modalidades, trabajar\u00e1 en afianzar el v\u00ednculo que los ni\u00f1os y ni\u00f1as tienen con sus familias y c\u00f3mo, a trav\u00e9s del aprendizaje, pueden llevar informaci\u00f3n a sus hogares sobre el COVID \u2013 19. \u201cDesde esas instancias que se vienen trabajando, sum\u00e1ndoles qu\u00e9 consejos darle a la madre, al padre cuando van al supermercado; al abuelo, hablarle y escribirle todas las recomendaciones para ir al banco. Hay que ser muy creativos para algo in\u00e9dito como lo que nos est\u00e1 sucediendo y esto requiere de todos\u201d. &nbsp;<\/p>\n\n\n\n<p>Por \u00faltimo, Perotti volvi\u00f3 a reiterar: \u201cEsto va a ser muy duro. No es una gripe m\u00e1s, no es algo que le va a pasar a los otros y a m\u00ed no. Por eso, el mayor \u00e9xito, y lo digo siempre aunque algunos creen que es muy duro: el mayor \u00e9xito va a ser llorar menos, y para eso tenemos que organizarnos de la mejor manera\u201d.<br><\/p>\n","protected":false},"excerpt":{"rendered":"<p>El gobernador de Santa Fe se refiri\u00f3 a la situaci\u00f3n que se vivi\u00f3 este viernes en los bancos de todo el pa\u00eds. Destac\u00f3 el trabajo coordinado con los municipios y equipos de salud para ordenar y resguardar la salud de los jubilados y beneficiarios. El gobernador de la provincia, Omar Perotti, se refiri\u00f3 este s\u00e1bado <a href=\"https:\/\/armstrongyregion.com.ar\/diario\/perotti-la-reaccion-ha-sido-positiva-en-la-provincia-para-reorganizar-la-atencion-bancaria\/\" title=\"Read more\" >&#8230;<\/a><\/p>\n","protected":false},"author":1,"featured_media":25413,"comment_status":"open","ping_status":"open","sticky":false,"template":"","format":"image","meta":{"_jetpack_memberships_contains_paid_content":false,"footnotes":"","jetpack_publicize_message":"","jetpack_publicize_feature_enabled":true,"jetpack_social_post_already_shared":true,"jetpack_social_options":{"image_generator_settings":{"template":"highway","default_image_id":0,"enabled":false},"version":2}},"categories":[8,1,2,7,3],"tags":[],"class_list":["post-25412","post","type-post","status-publish","format-image","has-post-thumbnail","hentry","category-deliberando","category-diario-armstrong","category-locales","category-politica","category-region","post_format-post-format-image"],"jetpack_publicize_connections":[],"jetpack_featured_media_url":"https:\/\/armstrongyregion.com.ar\/diario\/wp-content\/uploads\/2020\/04\/WhatsApp-Image-2020-04-04-at-15.51.48.jpeg","jetpack_shortlink":"https:\/\/wp.me\/p62QDO-6BS","jetpack_sharing_enabled":true,"amp_enabled":true,"_links":{"self":[{"href":"https:\/\/armstrongyregion.com.ar\/diario\/wp-json\/wp\/v2\/posts\/25412","targetHints":{"allow":["GET"]}}],"collection":[{"href":"https:\/\/armstrongyregion.com.ar\/diario\/wp-json\/wp\/v2\/posts"}],"about":[{"href":"https:\/\/armstrongyregion.com.ar\/diario\/wp-json\/wp\/v2\/types\/post"}],"author":[{"embeddable":true,"href":"https:\/\/armstrongyregion.com.ar\/diario\/wp-json\/wp\/v2\/users\/1"}],"replies":[{"embeddable":true,"href":"https:\/\/armstrongyregion.com.ar\/diario\/wp-json\/wp\/v2\/comments?post=25412"}],"version-history":[{"count":1,"href":"https:\/\/armstrongyregion.com.ar\/diario\/wp-json\/wp\/v2\/posts\/25412\/revisions"}],"predecessor-version":[{"id":25414,"href":"https:\/\/armstrongyregion.com.ar\/diario\/wp-json\/wp\/v2\/posts\/25412\/revisions\/25414"}],"wp:featuredmedia":[{"embeddable":true,"href":"https:\/\/armstrongyregion.com.ar\/diario\/wp-json\/wp\/v2\/media\/25413"}],"wp:attachment":[{"href":"https:\/\/armstrongyregion.com.ar\/diario\/wp-json\/wp\/v2\/media?parent=25412"}],"wp:term":[{"taxonomy":"category","embeddable":true,"href":"https:\/\/armstrongyregion.com.ar\/diario\/wp-json\/wp\/v2\/categories?post=25412"},{"taxonomy":"post_tag","embeddable":true,"href":"https:\/\/armstrongyregion.com.ar\/diario\/wp-json\/wp\/v2\/tags?post=25412"}],"curies":[{"name":"wp","href":"https:\/\/api.w.org\/{rel}","templated":true}]}}