{"id":25404,"date":"2020-04-03T20:18:55","date_gmt":"2020-04-03T20:18:55","guid":{"rendered":"https:\/\/armstrongyregion.com.ar\/diario\/?p=25404"},"modified":"2020-04-03T20:20:17","modified_gmt":"2020-04-03T20:20:17","slug":"meyer-mas-que-nunca-hay-que-apelar-a-la-conciencia-y-al-compromiso-de-cada-persona","status":"publish","type":"post","link":"https:\/\/armstrongyregion.com.ar\/diario\/meyer-mas-que-nunca-hay-que-apelar-a-la-conciencia-y-al-compromiso-de-cada-persona\/","title":{"rendered":"Meyer: \u00abM\u00e1s que nunca hay que apelar a la conciencia y al compromiso de cada persona\u00bb"},"content":{"rendered":"\n<figure class=\"wp-block-image size-large\"><img loading=\"lazy\" decoding=\"async\" width=\"768\" height=\"542\" src=\"http:\/\/armstrongyregion.com.ar\/diario\/wp-content\/uploads\/2019\/10\/Javier-Meyer-Delib-sep-19.jpg\" alt=\"\" class=\"wp-image-23185\" srcset=\"https:\/\/armstrongyregion.com.ar\/diario\/wp-content\/uploads\/2019\/10\/Javier-Meyer-Delib-sep-19.jpg 768w, https:\/\/armstrongyregion.com.ar\/diario\/wp-content\/uploads\/2019\/10\/Javier-Meyer-Delib-sep-19-300x212.jpg 300w\" sizes=\"auto, (max-width: 768px) 100vw, 768px\" \/><\/figure>\n\n\n\n<h2 class=\"wp-block-heading\"> Ante nuevas excepciones laborales, lo que va a generar un mayor movimiento en cada localidad, el intendente Meyer apela a la conciencia de los vecinos. <\/h2>\n\n\n\n<p><\/p>\n\n\n\n<figure class=\"wp-block-audio\"><audio controls src=\"http:\/\/armstrongyregion.com.ar\/diario\/wp-content\/uploads\/2020\/04\/multimedia.audio_.960cae59b77b661a.6d756c74696d656469612e617564696f2e3863636364306331616332643962662e6d7033.mp3\"><\/audio><\/figure>\n\n\n\n<p>En entrevista a los medios el intendente de Las Rosas, Javier Meyer, expres\u00f3:&nbsp;<em>\u00abestaba leyendo el bolet\u00edn oficial donde se han liberado algunos rubros laborales, por ello hay que tomar otras precauciones, estuve en contacto con gente del sector industrial, para que trabajen con ciertos protocolos de higiene, cada cual en su lugar, barbijos, y diferentes cuestiones.\u00bb<\/em><\/p>\n\n\n\n<p>Agreg\u00f3 desde el municipio se sigue&nbsp;<em>\u00abcontrolando a los veh\u00edculos en el acceso sur, donde se higienizan a los mismos y se mide la temperatura corporal. Estamos poniendo todo lo que se puede, haciendo lo humanamente posible. Pero todos los d\u00edas van cambiando las reglas, por eso m\u00e1s que nunca debemos apelar a la conciencia y al compromiso de cada persona para con el mismo, con su familia y los dem\u00e1s\u00bb,&nbsp;<\/em>dijo.<\/p>\n\n\n\n<hr class=\"wp-block-separator\"\/>\n\n\n\n<p><strong>ABRIERON LOS BANCOS PARA PAGOS A JUBILADOS Y PLANES SOCIALES<\/strong><\/p>\n\n\n\n<p>Al abrir sus puertas las entidades bancarias para atender exclusivamente el pago a jubilados y beneficiarios de asignaciones de la seguridad social, se generaron filas de personas. Personal municipal se encuentra controlando el cumplimiento del distanciamiento, y las medidas de higiene.<\/p>\n\n\n\n<figure class=\"wp-block-image\"><img decoding=\"async\" src=\"http:\/\/lasrosasdigital.com.ar\/download\/multimedia.normal.804f6833410ef688.42414e434f2053414e54412046455f6e6f726d616c2e6a7067.jpg\" alt=\"BANCO SANTA FE\"\/><\/figure>\n\n\n\n<figure class=\"wp-block-image\"><img decoding=\"async\" src=\"http:\/\/lasrosasdigital.com.ar\/download\/multimedia.normal.a690118ff54d70a1.42414e434f204e4143494f4e5f6e6f726d616c2e6a7067.jpg\" alt=\"BANCO NACION\"\/><\/figure>\n\n\n\n<p>Las Rosas Digital.<\/p>\n","protected":false},"excerpt":{"rendered":"<p>\u00abM\u00e1s que nunca hay que apelar a la conciencia y al compromiso de cada persona\u00bb<\/p>\n","protected":false},"author":1,"featured_media":23185,"comment_status":"open","ping_status":"open","sticky":false,"template":"","format":"image","meta":{"_jetpack_memberships_contains_paid_content":false,"footnotes":"","jetpack_publicize_message":"","jetpack_publicize_feature_enabled":true,"jetpack_social_post_already_shared":true,"jetpack_social_options":{"image_generator_settings":{"template":"highway","default_image_id":0,"enabled":false},"version":2}},"categories":[8,1,7,3],"tags":[],"class_list":["post-25404","post","type-post","status-publish","format-image","has-post-thumbnail","hentry","category-deliberando","category-diario-armstrong","category-politica","category-region","post_format-post-format-image"],"jetpack_publicize_connections":[],"jetpack_featured_media_url":"https:\/\/armstrongyregion.com.ar\/diario\/wp-content\/uploads\/2019\/10\/Javier-Meyer-Delib-sep-19.jpg","jetpack_shortlink":"https:\/\/wp.me\/p62QDO-6BK","jetpack_sharing_enabled":true,"amp_enabled":true,"_links":{"self":[{"href":"https:\/\/armstrongyregion.com.ar\/diario\/wp-json\/wp\/v2\/posts\/25404","targetHints":{"allow":["GET"]}}],"collection":[{"href":"https:\/\/armstrongyregion.com.ar\/diario\/wp-json\/wp\/v2\/posts"}],"about":[{"href":"https:\/\/armstrongyregion.com.ar\/diario\/wp-json\/wp\/v2\/types\/post"}],"author":[{"embeddable":true,"href":"https:\/\/armstrongyregion.com.ar\/diario\/wp-json\/wp\/v2\/users\/1"}],"replies":[{"embeddable":true,"href":"https:\/\/armstrongyregion.com.ar\/diario\/wp-json\/wp\/v2\/comments?post=25404"}],"version-history":[{"count":2,"href":"https:\/\/armstrongyregion.com.ar\/diario\/wp-json\/wp\/v2\/posts\/25404\/revisions"}],"predecessor-version":[{"id":25407,"href":"https:\/\/armstrongyregion.com.ar\/diario\/wp-json\/wp\/v2\/posts\/25404\/revisions\/25407"}],"wp:featuredmedia":[{"embeddable":true,"href":"https:\/\/armstrongyregion.com.ar\/diario\/wp-json\/wp\/v2\/media\/23185"}],"wp:attachment":[{"href":"https:\/\/armstrongyregion.com.ar\/diario\/wp-json\/wp\/v2\/media?parent=25404"}],"wp:term":[{"taxonomy":"category","embeddable":true,"href":"https:\/\/armstrongyregion.com.ar\/diario\/wp-json\/wp\/v2\/categories?post=25404"},{"taxonomy":"post_tag","embeddable":true,"href":"https:\/\/armstrongyregion.com.ar\/diario\/wp-json\/wp\/v2\/tags?post=25404"}],"curies":[{"name":"wp","href":"https:\/\/api.w.org\/{rel}","templated":true}]}}