{"id":25402,"date":"2020-04-03T20:14:50","date_gmt":"2020-04-03T20:14:50","guid":{"rendered":"https:\/\/armstrongyregion.com.ar\/diario\/?p=25402"},"modified":"2020-04-03T20:14:53","modified_gmt":"2020-04-03T20:14:53","slug":"coronavirus-el-pico-de-casos-podria-adelantarse-si-no-se-respeta-el-aislamiento","status":"publish","type":"post","link":"https:\/\/armstrongyregion.com.ar\/diario\/coronavirus-el-pico-de-casos-podria-adelantarse-si-no-se-respeta-el-aislamiento\/","title":{"rendered":"Coronavirus: el pico de casos \u00abpodr\u00eda adelantarse\u00bb si no se respeta el aislamiento"},"content":{"rendered":"\n<figure class=\"wp-block-image size-large\"><img loading=\"lazy\" decoding=\"async\" width=\"768\" height=\"402\" src=\"http:\/\/armstrongyregion.com.ar\/diario\/wp-content\/uploads\/2020\/03\/coronavirus-graphic-web-feature_1.jpg\" alt=\"\" class=\"wp-image-25112\" srcset=\"https:\/\/armstrongyregion.com.ar\/diario\/wp-content\/uploads\/2020\/03\/coronavirus-graphic-web-feature_1.jpg 768w, https:\/\/armstrongyregion.com.ar\/diario\/wp-content\/uploads\/2020\/03\/coronavirus-graphic-web-feature_1-300x157.jpg 300w\" sizes=\"auto, (max-width: 768px) 100vw, 768px\" \/><\/figure>\n\n\n\n<h2 class=\"wp-block-heading\"> La\u00a0directora de Epidemiolog\u00eda provincial, Carolina Cud\u00f3s, pidi\u00f3 conciencia social ante la apertura de algunas actividades y advirti\u00f3 sobre situaciones como las que se vivieron hoy en los bancos. Indic\u00f3 que el m\u00e1ximo n\u00famero de casos \u2013previsto para mayo\u2013 podr\u00eda ocurrir en abril y ser m\u00e1s elevado si no se cumple la cuarentena total <\/h2>\n\n\n\n<p> Cud\u00f3s manifest\u00f3 en di\u00e1logo con\u00a0<em><strong>Rosario3\u00a0<\/strong><\/em>que el posible adelantamiento del pico de casos de coronavirus \u00abva a depender de varios factores. Si el gobierno abre algunas actividades, como para cobrar,\u00a0<strong>y la gente\u00a0<a rel=\"noreferrer noopener\" href=\"https:\/\/www.rosario3.com\/informaciongeneral\/Mucha-gente-hizo-cola-en-bancos-pese-a-que-no-era-su-fecha-de-cobro-20200403-0025.html\" target=\"_blank\">sale masivamente<\/a>, se va a adelantar. Depende de las personas<\/strong>\u00ab. <\/p>\n\n\n\n<p>\u00abSigamos el aislamiento. Si nos dan el permiso para ir al banco a cobrar, hay que tomar distancia.&nbsp;<strong>Hoy sali\u00f3 todo el mundo a la calle<\/strong>. Nadie se va a quedar sin cobrar o sin alimentos. No estamos viendo desabastecimiento. Seamos conscientes.&nbsp;<strong>Si ten\u00e9s que salir a cobrar, sal\u00ed solo, no con&nbsp;tu familia entera como se vio en algunos casos<\/strong>. Si salimos todos a la calle el esfuerzo se esfuma\u00bb, a\u00f1adi\u00f3.<\/p>\n\n\n\n<p>La funcionaria provincial insisti\u00f3 en tener \u00abconciencia social. Hoy se vio a una gran cantidad de personas.\u00a0<strong>No eran todos adultos mayores. Hab\u00eda j\u00f3venes y de todas las clases sociales<\/strong>\u00ab.<\/p>\n\n\n\n<p> \u00abEn Santa Fe todav\u00eda no tenemos la curva total. Solo logramos que siga as\u00ed o baje si cumplimos con el aislamiento\u00bb, subray\u00f3. <\/p>\n\n\n\n<p>Rosario3.com<\/p>\n","protected":false},"excerpt":{"rendered":"<p>Coronavirus: el pico de casos \u00abpodr\u00eda adelantarse\u00bb si no se respeta el aislamiento<\/p>\n","protected":false},"author":1,"featured_media":25112,"comment_status":"open","ping_status":"open","sticky":false,"template":"","format":"image","meta":{"_jetpack_memberships_contains_paid_content":false,"footnotes":"","jetpack_publicize_message":"","jetpack_publicize_feature_enabled":true,"jetpack_social_post_already_shared":true,"jetpack_social_options":{"image_generator_settings":{"template":"highway","default_image_id":0,"enabled":false},"version":2}},"categories":[8,1,4,3],"tags":[],"class_list":["post-25402","post","type-post","status-publish","format-image","has-post-thumbnail","hentry","category-deliberando","category-diario-armstrong","category-prevencion-salud","category-region","post_format-post-format-image"],"jetpack_publicize_connections":[],"jetpack_featured_media_url":"https:\/\/armstrongyregion.com.ar\/diario\/wp-content\/uploads\/2020\/03\/coronavirus-graphic-web-feature_1.jpg","jetpack_shortlink":"https:\/\/wp.me\/p62QDO-6BI","jetpack_sharing_enabled":true,"amp_enabled":true,"_links":{"self":[{"href":"https:\/\/armstrongyregion.com.ar\/diario\/wp-json\/wp\/v2\/posts\/25402","targetHints":{"allow":["GET"]}}],"collection":[{"href":"https:\/\/armstrongyregion.com.ar\/diario\/wp-json\/wp\/v2\/posts"}],"about":[{"href":"https:\/\/armstrongyregion.com.ar\/diario\/wp-json\/wp\/v2\/types\/post"}],"author":[{"embeddable":true,"href":"https:\/\/armstrongyregion.com.ar\/diario\/wp-json\/wp\/v2\/users\/1"}],"replies":[{"embeddable":true,"href":"https:\/\/armstrongyregion.com.ar\/diario\/wp-json\/wp\/v2\/comments?post=25402"}],"version-history":[{"count":1,"href":"https:\/\/armstrongyregion.com.ar\/diario\/wp-json\/wp\/v2\/posts\/25402\/revisions"}],"predecessor-version":[{"id":25403,"href":"https:\/\/armstrongyregion.com.ar\/diario\/wp-json\/wp\/v2\/posts\/25402\/revisions\/25403"}],"wp:featuredmedia":[{"embeddable":true,"href":"https:\/\/armstrongyregion.com.ar\/diario\/wp-json\/wp\/v2\/media\/25112"}],"wp:attachment":[{"href":"https:\/\/armstrongyregion.com.ar\/diario\/wp-json\/wp\/v2\/media?parent=25402"}],"wp:term":[{"taxonomy":"category","embeddable":true,"href":"https:\/\/armstrongyregion.com.ar\/diario\/wp-json\/wp\/v2\/categories?post=25402"},{"taxonomy":"post_tag","embeddable":true,"href":"https:\/\/armstrongyregion.com.ar\/diario\/wp-json\/wp\/v2\/tags?post=25402"}],"curies":[{"name":"wp","href":"https:\/\/api.w.org\/{rel}","templated":true}]}}