{"id":25384,"date":"2020-04-01T12:26:59","date_gmt":"2020-04-01T12:26:59","guid":{"rendered":"https:\/\/armstrongyregion.com.ar\/diario\/?p=25384"},"modified":"2020-04-01T12:33:04","modified_gmt":"2020-04-01T12:33:04","slug":"rasetto-destinara-la-totalidad-de-los-recursos-del-senado-a-la-pandemia","status":"publish","type":"post","link":"https:\/\/armstrongyregion.com.ar\/diario\/rasetto-destinara-la-totalidad-de-los-recursos-del-senado-a-la-pandemia\/","title":{"rendered":"Rasetto destinar\u00e1 la totalidad de los recursos del Senado a la Pandemia."},"content":{"rendered":"\n<figure class=\"wp-block-image size-large\"><img loading=\"lazy\" decoding=\"async\" width=\"768\" height=\"512\" src=\"http:\/\/armstrongyregion.com.ar\/diario\/wp-content\/uploads\/2020\/04\/Rasetto-pdl-1.jpg\" alt=\"\" class=\"wp-image-25385\" srcset=\"https:\/\/armstrongyregion.com.ar\/diario\/wp-content\/uploads\/2020\/04\/Rasetto-pdl-1.jpg 768w, https:\/\/armstrongyregion.com.ar\/diario\/wp-content\/uploads\/2020\/04\/Rasetto-pdl-1-300x200.jpg 300w\" sizes=\"auto, (max-width: 768px) 100vw, 768px\" \/><\/figure>\n\n\n\n<p>El Senador Hugo Rasetto, indic\u00f3 que\npuso la totalidad de los aportes correspondientes a Iriondo a disposici\u00f3n de\nlos Intendentes y Presidentes Comunales del Departamento.<\/p>\n\n\n\n<p>\u201cEl d\u00eda martes el Gobernador Omar\nPerotti decret\u00f3 la creaci\u00f3n de un Comit\u00e9 Provincial, y&nbsp;de 19 comit\u00e9s\ndepartamentales presididos por los Senadores. Si bien ya ven\u00edamos conversando\ncon las autoridades locales, con la creaci\u00f3n del Comit\u00e9 Departamental acordamos\nque todos los d\u00edas a las 19 horas mantendremos reuniones virtuales con todos\nlos Presidentes Comunales e Intendentes del Departamento\u201d indic\u00f3 Rasetto.<\/p>\n\n\n\n<p>\u201cEl Fondo de Fortalecimiento\nInstitucional cuenta con una partida actual de $1.040.000 mensuales, y tambi\u00e9n\nagrego los $750.000 mensuales que tenemos para hacer aportes en especie a las\ninstituciones del Departamento. Inclusive, y previendo esta situaci\u00f3n ya tuve\nla precauci\u00f3n de no hacer las asignaciones correspondientes al mes de marzo,\npor lo que tambi\u00e9n marzo est\u00e1 a disposici\u00f3n de lo que las autoridades del\nDepartamento Iriondo consideren prioritario en sus localidades, el domingo en\nla primera teleconferencia del Comit\u00e9 de Emergencia puse estos recursos a\ndisposici\u00f3n de intendentes y presidente comunales para que sean ellos quienes\ntomen la decisi\u00f3n de la inversi\u00f3n\u201d, explic\u00f3 Rasetto.<\/p>\n\n\n\n<p>\u201cLa idea es que estos recursos\ncubran necesidades que no est\u00e1n contempladas en otras l\u00edneas de asistencia. De\nqu\u00e9 vale que compremos elementos que llegar\u00e1n por otros medios. Por ejemplo:\npensamos que tal vez se deban invertir estos recursos en ampliar las camas y\nlas terapias de la Ciudad de Ca\u00f1ada de G\u00f3mez y de Totoras, que funcionar\u00edan\ncomo&nbsp;centros de derivaci\u00f3n de las otras poblaciones de Iriondo. O que\nCarrizales cuente con ambulancia. S\u00ed, Carrizales no tiene a la fecha una\nambulancia\u201d, ejemplific\u00f3 el senador.<\/p>\n\n\n\n<p>Sobre el decreto que el d\u00eda lunes\nsac\u00f3 el ejecutivo municipal de Ca\u00f1ada de G\u00f3mez, el Senador indic\u00f3 que \u201cen un\nmomento en que la consigna principal del Presidente de la Naci\u00f3n y del\nGobernador Perotti es \u00abnadie se salva solo\u00bb un decreto como ese\npidiendo los fondos de acuerdo a la poblaci\u00f3n de cada localidad suena ofensivo\npor ser absolutamente contrario al esp\u00edritu de los mandatarios. Si se\ndistribuye de acuerdo a la cantidad de habitantes tal lo propuesto all\u00ed,\nlocalidades como Clason, Lucio V. L\u00f3pez o Carrizales, recibir\u00edan montos\ninsignificantes. Ning\u00fan municipio o comuna puede desentenderse de la instancia\nde di\u00e1logo con los jefes locales vecinos, por eso es que nuevamente convoc\u00f3 al\ndi\u00e1logo para entre todos usar de la mejor manera el dinero del Departamento\u201d\npidi\u00f3 el Senador. <\/p>\n","protected":false},"excerpt":{"rendered":"<p>Rasetto destinar\u00e1 la totalidad de los recursos del Senado a la Pandemia.<\/p>\n","protected":false},"author":1,"featured_media":25385,"comment_status":"open","ping_status":"open","sticky":false,"template":"","format":"image","meta":{"_jetpack_memberships_contains_paid_content":false,"footnotes":"","jetpack_publicize_message":"","jetpack_publicize_feature_enabled":true,"jetpack_social_post_already_shared":true,"jetpack_social_options":{"image_generator_settings":{"template":"highway","default_image_id":0,"enabled":false},"version":2}},"categories":[8,1,7,3],"tags":[],"class_list":["post-25384","post","type-post","status-publish","format-image","has-post-thumbnail","hentry","category-deliberando","category-diario-armstrong","category-politica","category-region","post_format-post-format-image"],"jetpack_publicize_connections":[],"jetpack_featured_media_url":"https:\/\/armstrongyregion.com.ar\/diario\/wp-content\/uploads\/2020\/04\/Rasetto-pdl-1.jpg","jetpack_shortlink":"https:\/\/wp.me\/p62QDO-6Bq","jetpack_sharing_enabled":true,"amp_enabled":true,"_links":{"self":[{"href":"https:\/\/armstrongyregion.com.ar\/diario\/wp-json\/wp\/v2\/posts\/25384","targetHints":{"allow":["GET"]}}],"collection":[{"href":"https:\/\/armstrongyregion.com.ar\/diario\/wp-json\/wp\/v2\/posts"}],"about":[{"href":"https:\/\/armstrongyregion.com.ar\/diario\/wp-json\/wp\/v2\/types\/post"}],"author":[{"embeddable":true,"href":"https:\/\/armstrongyregion.com.ar\/diario\/wp-json\/wp\/v2\/users\/1"}],"replies":[{"embeddable":true,"href":"https:\/\/armstrongyregion.com.ar\/diario\/wp-json\/wp\/v2\/comments?post=25384"}],"version-history":[{"count":2,"href":"https:\/\/armstrongyregion.com.ar\/diario\/wp-json\/wp\/v2\/posts\/25384\/revisions"}],"predecessor-version":[{"id":25390,"href":"https:\/\/armstrongyregion.com.ar\/diario\/wp-json\/wp\/v2\/posts\/25384\/revisions\/25390"}],"wp:featuredmedia":[{"embeddable":true,"href":"https:\/\/armstrongyregion.com.ar\/diario\/wp-json\/wp\/v2\/media\/25385"}],"wp:attachment":[{"href":"https:\/\/armstrongyregion.com.ar\/diario\/wp-json\/wp\/v2\/media?parent=25384"}],"wp:term":[{"taxonomy":"category","embeddable":true,"href":"https:\/\/armstrongyregion.com.ar\/diario\/wp-json\/wp\/v2\/categories?post=25384"},{"taxonomy":"post_tag","embeddable":true,"href":"https:\/\/armstrongyregion.com.ar\/diario\/wp-json\/wp\/v2\/tags?post=25384"}],"curies":[{"name":"wp","href":"https:\/\/api.w.org\/{rel}","templated":true}]}}