{"id":25377,"date":"2020-03-31T14:53:09","date_gmt":"2020-03-31T14:53:09","guid":{"rendered":"https:\/\/armstrongyregion.com.ar\/diario\/?p=25377"},"modified":"2020-03-31T14:53:12","modified_gmt":"2020-03-31T14:53:12","slug":"deliberando-hoy-pte-comunal-de-correa-y-pte-comunal-de-bouquet","status":"publish","type":"post","link":"https:\/\/armstrongyregion.com.ar\/diario\/deliberando-hoy-pte-comunal-de-correa-y-pte-comunal-de-bouquet\/","title":{"rendered":"Deliberando: Hoy Pte Comunal de Correa y Pte Comunal de Bouquet."},"content":{"rendered":"\n<figure class=\"wp-block-image size-large\"><img loading=\"lazy\" decoding=\"async\" width=\"768\" height=\"551\" src=\"http:\/\/armstrongyregion.com.ar\/diario\/wp-content\/uploads\/2020\/03\/Nahuel.jpg\" alt=\"\" class=\"wp-image-25378\" srcset=\"https:\/\/armstrongyregion.com.ar\/diario\/wp-content\/uploads\/2020\/03\/Nahuel.jpg 768w, https:\/\/armstrongyregion.com.ar\/diario\/wp-content\/uploads\/2020\/03\/Nahuel-300x215.jpg 300w\" sizes=\"auto, (max-width: 768px) 100vw, 768px\" \/><\/figure>\n\n\n\n<p>Nahuel Cejas de la localidad de Correa y Dr. Luis Raffo Pte\nComunal de la localidad de Bouquet. Ambos jefes comunales asumieron el pasado\n10 de diciembre del 2019. <\/p>\n\n\n\n<figure class=\"wp-block-image size-large\"><img loading=\"lazy\" decoding=\"async\" width=\"756\" height=\"600\" src=\"http:\/\/armstrongyregion.com.ar\/diario\/wp-content\/uploads\/2020\/03\/Lucho-Raffo.jpg\" alt=\"\" class=\"wp-image-25379\" srcset=\"https:\/\/armstrongyregion.com.ar\/diario\/wp-content\/uploads\/2020\/03\/Lucho-Raffo.jpg 756w, https:\/\/armstrongyregion.com.ar\/diario\/wp-content\/uploads\/2020\/03\/Lucho-Raffo-300x238.jpg 300w\" sizes=\"auto, (max-width: 756px) 100vw, 756px\" \/><\/figure>\n\n\n\n<p>Hablaremos sobre lo que \u201cencontraron en sus comunas\u201d, como reorganizaron\nsu gabinete, como proyectan el trabajo durante este 2020. <\/p>\n\n\n\n<p>Tambi\u00e9n est\u00e1n en agenda temas que tienen que ver con obra p\u00fablica,\npartidas del gobierno provincial y la salud de nuestros pueblos en tiempos de coronavirus.<\/p>\n\n\n\n<p>Martes 31de marzo, 20hs. Por Cable Imagen Armstrong.<\/p>\n","protected":false},"excerpt":{"rendered":"<p>Deliberando: Hoy Pte Comunal de Correa y Pte Comunal de Bouquet.<\/p>\n","protected":false},"author":1,"featured_media":25378,"comment_status":"open","ping_status":"open","sticky":false,"template":"","format":"image","meta":{"_jetpack_memberships_contains_paid_content":false,"footnotes":"","jetpack_publicize_message":"","jetpack_publicize_feature_enabled":true,"jetpack_social_post_already_shared":true,"jetpack_social_options":{"image_generator_settings":{"template":"highway","default_image_id":0,"enabled":false},"version":2}},"categories":[8,1,2,7,3],"tags":[],"class_list":["post-25377","post","type-post","status-publish","format-image","has-post-thumbnail","hentry","category-deliberando","category-diario-armstrong","category-locales","category-politica","category-region","post_format-post-format-image"],"jetpack_publicize_connections":[],"jetpack_featured_media_url":"https:\/\/armstrongyregion.com.ar\/diario\/wp-content\/uploads\/2020\/03\/Nahuel.jpg","jetpack_shortlink":"https:\/\/wp.me\/p62QDO-6Bj","jetpack_sharing_enabled":true,"amp_enabled":true,"_links":{"self":[{"href":"https:\/\/armstrongyregion.com.ar\/diario\/wp-json\/wp\/v2\/posts\/25377","targetHints":{"allow":["GET"]}}],"collection":[{"href":"https:\/\/armstrongyregion.com.ar\/diario\/wp-json\/wp\/v2\/posts"}],"about":[{"href":"https:\/\/armstrongyregion.com.ar\/diario\/wp-json\/wp\/v2\/types\/post"}],"author":[{"embeddable":true,"href":"https:\/\/armstrongyregion.com.ar\/diario\/wp-json\/wp\/v2\/users\/1"}],"replies":[{"embeddable":true,"href":"https:\/\/armstrongyregion.com.ar\/diario\/wp-json\/wp\/v2\/comments?post=25377"}],"version-history":[{"count":1,"href":"https:\/\/armstrongyregion.com.ar\/diario\/wp-json\/wp\/v2\/posts\/25377\/revisions"}],"predecessor-version":[{"id":25380,"href":"https:\/\/armstrongyregion.com.ar\/diario\/wp-json\/wp\/v2\/posts\/25377\/revisions\/25380"}],"wp:featuredmedia":[{"embeddable":true,"href":"https:\/\/armstrongyregion.com.ar\/diario\/wp-json\/wp\/v2\/media\/25378"}],"wp:attachment":[{"href":"https:\/\/armstrongyregion.com.ar\/diario\/wp-json\/wp\/v2\/media?parent=25377"}],"wp:term":[{"taxonomy":"category","embeddable":true,"href":"https:\/\/armstrongyregion.com.ar\/diario\/wp-json\/wp\/v2\/categories?post=25377"},{"taxonomy":"post_tag","embeddable":true,"href":"https:\/\/armstrongyregion.com.ar\/diario\/wp-json\/wp\/v2\/tags?post=25377"}],"curies":[{"name":"wp","href":"https:\/\/api.w.org\/{rel}","templated":true}]}}