{"id":25310,"date":"2020-03-27T00:51:51","date_gmt":"2020-03-27T00:51:51","guid":{"rendered":"https:\/\/armstrongyregion.com.ar\/diario\/?p=25310"},"modified":"2020-03-27T00:51:53","modified_gmt":"2020-03-27T00:51:53","slug":"confirmaron-un-caso-de-coronavirus-en-las-parejas","status":"publish","type":"post","link":"https:\/\/armstrongyregion.com.ar\/diario\/confirmaron-un-caso-de-coronavirus-en-las-parejas\/","title":{"rendered":"Confirmaron un caso de coronavirus en Las Parejas."},"content":{"rendered":"\n<figure class=\"wp-block-image size-large\"><img loading=\"lazy\" decoding=\"async\" width=\"768\" height=\"394\" src=\"http:\/\/armstrongyregion.com.ar\/diario\/wp-content\/uploads\/2020\/03\/compagnucci-corona.jpg\" alt=\"\" class=\"wp-image-25311\" srcset=\"https:\/\/armstrongyregion.com.ar\/diario\/wp-content\/uploads\/2020\/03\/compagnucci-corona.jpg 768w, https:\/\/armstrongyregion.com.ar\/diario\/wp-content\/uploads\/2020\/03\/compagnucci-corona-300x154.jpg 300w\" sizes=\"auto, (max-width: 768px) 100vw, 768px\" \/><\/figure>\n\n\n\n<h2 class=\"wp-block-heading\"> En la ma\u00f1ana de este jueves el Ministerio de Salud de la Provincia de Santa Fe, anunci\u00f3 un caso positivo de Covid 19. <\/h2>\n\n\n\n<p> El Dr. Nicol\u00e1s Lapetina, a cargo del \u00c1rea de Salud del Municipio, anunci\u00f3 en una conferencia de prensa brindada en el SAMCo, que esta persona, mayor de 30 a\u00f1os, que hab\u00eda llegado de Estados Unidos, \u201cinici\u00f3 con un s\u00edntoma febril, lo cual se prest\u00f3 atenci\u00f3n m\u00e9dica y con el antecedente del viaje se procedi\u00f3 con el protocolo correspondiente; fue internad o en Rosario y una vez que fue compensado desde el punto de vista infectol\u00f3gico, sin complicaciones, a este paciente se lo considera y entra en el protocolo \u00a0epidemiol\u00f3gico y recibe el alta domiciliaria, que consta de un proceso de cuarentena a partir de ahora y estamos esperando la evoluci\u00f3n del mismo para considerarlo confirmado en etapa de resoluci\u00f3n; y al no tener cuadro cl\u00ednico con reca\u00edda o con s\u00edndromes compatible, se empezar\u00e1 a hablar de resoluci\u00f3n del caso\u201d, manifest\u00f3 el M\u00e9dico. <\/p>\n\n\n\n<p>La conferencia estuvo presidida por el Intendente de la ciudad, Horacio Compagnucci y acompa\u00f1\u00f3 la misma la Directora del SAMCo, Dra. Giovana G\u00f3mez.<\/p>\n\n\n\n<p>Horacio Compagnucci coment\u00f3 que en los \u00faltimos d\u00edas no hubo llamados que ameriten una alarma y destac\u00f3 que los departamentos General L\u00f3pez e Iriondo son los \u00fanicos que no registran casos positivos de coronaviorus, para agregar que se intensifican los controles en los accesos con Bomberos, \u201cy a su vez, algunos de ellos est\u00e1n colaborando con los controles en distintos puntos fronterizos de la provincia para intensificar los mismos\u201d.<\/p>\n\n\n\n<p>Fuente: Renacer FM<\/p>\n","protected":false},"excerpt":{"rendered":"<p>En la ma\u00f1ana de este jueves el Ministerio de Salud de la Provincia de Santa Fe, anunci\u00f3 un caso positivo de Covid 19. El Dr. Nicol\u00e1s Lapetina, a cargo del \u00c1rea de Salud del Municipio, anunci\u00f3 en una conferencia de prensa brindada en el SAMCo, que esta persona, mayor de 30 a\u00f1os, que hab\u00eda llegado <a href=\"https:\/\/armstrongyregion.com.ar\/diario\/confirmaron-un-caso-de-coronavirus-en-las-parejas\/\" title=\"Read more\" >&#8230;<\/a><\/p>\n","protected":false},"author":1,"featured_media":25311,"comment_status":"open","ping_status":"open","sticky":false,"template":"","format":"image","meta":{"_jetpack_memberships_contains_paid_content":false,"footnotes":"","jetpack_publicize_message":"","jetpack_publicize_feature_enabled":true,"jetpack_social_post_already_shared":true,"jetpack_social_options":{"image_generator_settings":{"template":"highway","default_image_id":0,"enabled":false},"version":2}},"categories":[1],"tags":[],"class_list":["post-25310","post","type-post","status-publish","format-image","has-post-thumbnail","hentry","category-diario-armstrong","post_format-post-format-image"],"jetpack_publicize_connections":[],"jetpack_featured_media_url":"https:\/\/armstrongyregion.com.ar\/diario\/wp-content\/uploads\/2020\/03\/compagnucci-corona.jpg","jetpack_shortlink":"https:\/\/wp.me\/p62QDO-6Ae","jetpack_sharing_enabled":true,"amp_enabled":true,"_links":{"self":[{"href":"https:\/\/armstrongyregion.com.ar\/diario\/wp-json\/wp\/v2\/posts\/25310","targetHints":{"allow":["GET"]}}],"collection":[{"href":"https:\/\/armstrongyregion.com.ar\/diario\/wp-json\/wp\/v2\/posts"}],"about":[{"href":"https:\/\/armstrongyregion.com.ar\/diario\/wp-json\/wp\/v2\/types\/post"}],"author":[{"embeddable":true,"href":"https:\/\/armstrongyregion.com.ar\/diario\/wp-json\/wp\/v2\/users\/1"}],"replies":[{"embeddable":true,"href":"https:\/\/armstrongyregion.com.ar\/diario\/wp-json\/wp\/v2\/comments?post=25310"}],"version-history":[{"count":1,"href":"https:\/\/armstrongyregion.com.ar\/diario\/wp-json\/wp\/v2\/posts\/25310\/revisions"}],"predecessor-version":[{"id":25312,"href":"https:\/\/armstrongyregion.com.ar\/diario\/wp-json\/wp\/v2\/posts\/25310\/revisions\/25312"}],"wp:featuredmedia":[{"embeddable":true,"href":"https:\/\/armstrongyregion.com.ar\/diario\/wp-json\/wp\/v2\/media\/25311"}],"wp:attachment":[{"href":"https:\/\/armstrongyregion.com.ar\/diario\/wp-json\/wp\/v2\/media?parent=25310"}],"wp:term":[{"taxonomy":"category","embeddable":true,"href":"https:\/\/armstrongyregion.com.ar\/diario\/wp-json\/wp\/v2\/categories?post=25310"},{"taxonomy":"post_tag","embeddable":true,"href":"https:\/\/armstrongyregion.com.ar\/diario\/wp-json\/wp\/v2\/tags?post=25310"}],"curies":[{"name":"wp","href":"https:\/\/api.w.org\/{rel}","templated":true}]}}