{"id":25206,"date":"2020-03-20T22:01:15","date_gmt":"2020-03-20T22:01:15","guid":{"rendered":"https:\/\/armstrongyregion.com.ar\/diario\/?p=25206"},"modified":"2020-03-20T22:01:21","modified_gmt":"2020-03-20T22:01:21","slug":"perotti-frente-a-la-cuarentena-obligatoria-esto-no-es-una-solicitud-es-una-obligacion-y-actuaremos-en-consecuencia","status":"publish","type":"post","link":"https:\/\/armstrongyregion.com.ar\/diario\/perotti-frente-a-la-cuarentena-obligatoria-esto-no-es-una-solicitud-es-una-obligacion-y-actuaremos-en-consecuencia\/","title":{"rendered":"Perotti, frente a la cuarentena obligatoria: \u00abEsto no es una solicitud, es una obligaci\u00f3n, y actuaremos en consecuencia\u00bb"},"content":{"rendered":"\n<figure class=\"wp-block-image size-large\"><img loading=\"lazy\" decoding=\"async\" width=\"768\" height=\"432\" src=\"http:\/\/armstrongyregion.com.ar\/diario\/wp-content\/uploads\/2020\/03\/CNB_8148.jpg\" alt=\"\" class=\"wp-image-25207\" srcset=\"https:\/\/armstrongyregion.com.ar\/diario\/wp-content\/uploads\/2020\/03\/CNB_8148.jpg 768w, https:\/\/armstrongyregion.com.ar\/diario\/wp-content\/uploads\/2020\/03\/CNB_8148-300x169.jpg 300w\" sizes=\"auto, (max-width: 768px) 100vw, 768px\" \/><\/figure>\n\n\n\n<p><em>Las medidas adoptadas por la provincia y la naci\u00f3n est\u00e1n orientadas a salvar vidas, organizar el sistema de salud frente a la pandemia, y garantizar la continuidad de servicios esenciales prioritarios.<\/em><\/p>\n\n\n\n<p>En conferencia de prensa, el gobernador de Santa Fe, Omar Perotti, sostuvo la importancia de cumplir con el aislamiento social preventivo hasta el 31 de marzo, tal como establece el DNU firmado por el Presidente de la naci\u00f3n este jueves 19 de marzo, y ratificado por el Ejecutivo provincial con el Decreto 270\/20. Estos decretos firmados \u00abno son una solicitud, son una obligaci\u00f3n\u00bb, indic\u00f3 Perotti y remarc\u00f3: \u00aby actuaremos en consecuencia, la responsabilidad social amerita que actuemos con la mayor severidad del caso. La comunicaci\u00f3n va a ser de vital importancia para el cumplimiento de las normas\u00bb.<\/p>\n\n\n\n<p>En este sentido, el gobernador destac\u00f3 que \u00abla gran parte de la poblaci\u00f3n tiene compromiso y ha asumido responsablemente la actitud de cuidado. Hay gente que no lo ha hecho\u00bb, se\u00f1al\u00f3 el mandatario y agreg\u00f3 que la medida de la cuarentena obligatoria va \u00aben la direcci\u00f3n de buscar a la persona que est\u00e1 en situaciones cr\u00edticas y no en perseguir irresponsables que ponen en riesgo su salud y la de la poblaci\u00f3n\u00bb.<\/p>\n\n\n\n<p>En cuanto al impacto en la actividad econ\u00f3mica que tendr\u00e1n estas medidas, el gobernador sostuvo que \u00abel eje central est\u00e1 puesto en la salud, en el cuidado de las vidas, pero hay una instancia colateral que es el desenvolvimiento de la actividad econ\u00f3mica, y uno de ellos es el cuentapropista. Es all\u00ed donde las instancias de cooperaci\u00f3n con la Naci\u00f3n&nbsp;determinar\u00e1n medidas adecuadas para ese sector\u00bb,&nbsp;declar\u00f3 Perotti, y prosigui\u00f3: \u00abTomamos la&nbsp;medida&nbsp;que est\u00e1 a nuestro alcance con&nbsp;un refuerzo a&nbsp;la&nbsp;Tarjeta de&nbsp;Ciudadan\u00eda, y&nbsp;otras&nbsp;medidas requieren coordinaci\u00f3n y esfuerzo nacional\u00bb.<\/p>\n\n\n\n<p>En la provincia, el proyecto de ley de \u00abNecesidad P\u00fablica&nbsp;no&nbsp;tiene incorporada la dimensi\u00f3n de&nbsp;lo que estamos hablando frente a esta pandemia. Estamos en una situaci\u00f3n in\u00e9dita, porque aqu\u00ed no solamente va a haber mayores erogaciones sino una ca\u00edda de los recursos, de&nbsp;la&nbsp;coparticipaci\u00f3n nacional por la ca\u00edda de la econom\u00eda en su conjunto y ca\u00edda de los recursos propios\u00bb,&nbsp;sostuvo Perotti, y agreg\u00f3: \u00abHubo un gesto de alto valor en la pol\u00edtica nacional, todas las fuerzas pol\u00edticas reuni\u00e9ndose con el Presidente, poni\u00e9ndose a disposici\u00f3n y ofreciendo su colaboraci\u00f3n, es un grado de comprensi\u00f3n del dif\u00edcil momento que se tiene que atravesar. El deseo es que todas las fuerzas pol\u00edticas en la provincia act\u00faen en la misma direcci\u00f3n y en la misma consecuencia. La ciudadan\u00eda lo necesita\u201d.<\/p>\n\n\n\n<p><strong>CASOS Y CONVOCATORIA A PERSONAL DE SALUD<\/strong><\/p>\n\n\n\n<p>Por su parte, el ministro de Salud de la provincia, Carlos Parola, brind\u00f3 el parte epidemiol\u00f3gico de Santa Fe: \u00abDel total de 80 casos que se han enviado al Instituto Malbr\u00e1n para su estudio, 45 casos han sido descartados, dos confirmados (ayer se confirm\u00f3 el segundo caso en Rosario,&nbsp;actualmente&nbsp;internado en el&nbsp;Hospital Carrasco), y 33 casos en estudio en el Malbr\u00e1n\u00bb,&nbsp;indic\u00f3.<\/p>\n\n\n\n<p>En cuanto a la convocatoria abierta para personal de salud, el funcionario destac\u00f3 que&nbsp;se \u201chan ofrecido m\u00e1s de mil profesionales tanto m\u00e9dicos como enfermeros, lo que muestra el grado de compromiso y nuestro agradecimiento por&nbsp;la voluntad y solidaridad en este momento tan dif\u00edcil\u201d.<\/p>\n\n\n\n<p><strong>REFUERZO TARJETA DE CIUDADAN\u00cdA<\/strong><\/p>\n\n\n\n<p>Acerca del refuerzo a la Tarjeta de Ciudadan\u00eda provincial, el mkinistro de Desarrollo Social, Danilo Capitani, detall\u00f3: \u00abHemos decidido otorgar un refuerzo alimentario y trabajar fuertemente en articulaci\u00f3n para que cada familia de los sectores de los barrios m\u00e1s vulnerables puedan contar con un kit de limpieza tanto para aseo personal como para la limpieza de la vivienda\u00bb.<\/p>\n\n\n\n<p>\u00abEn cuanto al refuerzo alimentario, es para todas las familias que tengan la Tarjeta Ciudadana que es provincial\u00bb, indic\u00f3, y describi\u00f3 que ser\u00e1 un refuerzo por \u00fanica vez de: \u00ab1000 pesos, para todas aquellas familias que tengan hijos de 0 a 6 a\u00f1os que no tengan la Tarjeta Alimentar nacional, para las familias que tengan personas cel\u00edacas, para los ni\u00f1os, para las familias que tengan ni\u00f1os de 7 a 12 a\u00f1os y para los adultos mayores a partir de los 65 a\u00f1os\u00bb.<\/p>\n\n\n\n<p>En cuanto a la entrega de kit de limpieza, Capitani remarc\u00f3 que se llevar\u00e1 adelante \u00aba trav\u00e9s de personal del Ministerio de Desarrollo Social y le pedimos a la gente que no salga para retirar esto, que le vamos a estar avisando en cada una de las casas&nbsp;para&nbsp;retirarlo, sin necesidad de aglomeraciones\u00bb.<\/p>\n\n\n\n<p><strong>FUNCIONAMIENTO DEL 0800<\/strong><\/p>\n\n\n\n<p>El gobernador Omar Perotti destac\u00f3 la actividad del 0800 555 6768, para las denuncias por incumplimiento de cuarentena: \u00abUn dato importante de c\u00f3mo se esperaba una medida de estas caracter\u00edsticas, la tenemos en el&nbsp;nivel de actividad del 0800 denuncias, que despu\u00e9s de la medianoche baj\u00f3 enormemente su nivel de actividad y de consultas en el d\u00eda de hoy\u00bb,&nbsp;indic\u00f3, y agreg\u00f3: \u00abOjal\u00e1 tengamos el mejor comportamiento y, fundamentalmente, en aquellas instancias que se plantean como cr\u00edticas para la excepci\u00f3n\u00bb.&nbsp;<\/p>\n","protected":false},"excerpt":{"rendered":"<p>Perotti, frente a la cuarentena obligatoria: \u00abEsto no es una solicitud, es una obligaci\u00f3n, y actuaremos en consecuencia\u00bb<\/p>\n","protected":false},"author":1,"featured_media":25207,"comment_status":"open","ping_status":"open","sticky":false,"template":"","format":"image","meta":{"_jetpack_memberships_contains_paid_content":false,"footnotes":"","jetpack_publicize_message":"","jetpack_publicize_feature_enabled":true,"jetpack_social_post_already_shared":true,"jetpack_social_options":{"image_generator_settings":{"template":"highway","default_image_id":0,"enabled":false},"version":2}},"categories":[8,1,2,7,3],"tags":[],"class_list":["post-25206","post","type-post","status-publish","format-image","has-post-thumbnail","hentry","category-deliberando","category-diario-armstrong","category-locales","category-politica","category-region","post_format-post-format-image"],"jetpack_publicize_connections":[],"jetpack_featured_media_url":"https:\/\/armstrongyregion.com.ar\/diario\/wp-content\/uploads\/2020\/03\/CNB_8148.jpg","jetpack_shortlink":"https:\/\/wp.me\/p62QDO-6yy","jetpack_sharing_enabled":true,"amp_enabled":true,"_links":{"self":[{"href":"https:\/\/armstrongyregion.com.ar\/diario\/wp-json\/wp\/v2\/posts\/25206","targetHints":{"allow":["GET"]}}],"collection":[{"href":"https:\/\/armstrongyregion.com.ar\/diario\/wp-json\/wp\/v2\/posts"}],"about":[{"href":"https:\/\/armstrongyregion.com.ar\/diario\/wp-json\/wp\/v2\/types\/post"}],"author":[{"embeddable":true,"href":"https:\/\/armstrongyregion.com.ar\/diario\/wp-json\/wp\/v2\/users\/1"}],"replies":[{"embeddable":true,"href":"https:\/\/armstrongyregion.com.ar\/diario\/wp-json\/wp\/v2\/comments?post=25206"}],"version-history":[{"count":1,"href":"https:\/\/armstrongyregion.com.ar\/diario\/wp-json\/wp\/v2\/posts\/25206\/revisions"}],"predecessor-version":[{"id":25208,"href":"https:\/\/armstrongyregion.com.ar\/diario\/wp-json\/wp\/v2\/posts\/25206\/revisions\/25208"}],"wp:featuredmedia":[{"embeddable":true,"href":"https:\/\/armstrongyregion.com.ar\/diario\/wp-json\/wp\/v2\/media\/25207"}],"wp:attachment":[{"href":"https:\/\/armstrongyregion.com.ar\/diario\/wp-json\/wp\/v2\/media?parent=25206"}],"wp:term":[{"taxonomy":"category","embeddable":true,"href":"https:\/\/armstrongyregion.com.ar\/diario\/wp-json\/wp\/v2\/categories?post=25206"},{"taxonomy":"post_tag","embeddable":true,"href":"https:\/\/armstrongyregion.com.ar\/diario\/wp-json\/wp\/v2\/tags?post=25206"}],"curies":[{"name":"wp","href":"https:\/\/api.w.org\/{rel}","templated":true}]}}