{"id":25190,"date":"2020-03-20T14:31:40","date_gmt":"2020-03-20T14:31:40","guid":{"rendered":"https:\/\/armstrongyregion.com.ar\/diario\/?p=25190"},"modified":"2020-03-20T14:31:46","modified_gmt":"2020-03-20T14:31:46","slug":"reunion-del-comite-de-emergencia-sanitario-de-armstrong","status":"publish","type":"post","link":"https:\/\/armstrongyregion.com.ar\/diario\/reunion-del-comite-de-emergencia-sanitario-de-armstrong\/","title":{"rendered":"Reuni\u00f3n del Comit\u00e9 de Emergencia Sanitario de Armstrong"},"content":{"rendered":"\n<figure class=\"wp-block-image size-large\"><img loading=\"lazy\" decoding=\"async\" width=\"800\" height=\"445\" src=\"http:\/\/armstrongyregion.com.ar\/diario\/wp-content\/uploads\/2020\/03\/comite-.jpeg\" alt=\"\" class=\"wp-image-25191\" srcset=\"https:\/\/armstrongyregion.com.ar\/diario\/wp-content\/uploads\/2020\/03\/comite-.jpeg 800w, https:\/\/armstrongyregion.com.ar\/diario\/wp-content\/uploads\/2020\/03\/comite--300x167.jpeg 300w, https:\/\/armstrongyregion.com.ar\/diario\/wp-content\/uploads\/2020\/03\/comite--768x427.jpeg 768w\" sizes=\"auto, (max-width: 800px) 100vw, 800px\" \/><\/figure>\n\n\n\n<p>El pasado mi\u00e9rcoles se reuni\u00f3 el Comite de Emergencia Sanitario encabezado por el intendente Dr. Pablo Verdecchia, secretarios, directora del S.A.M.Co. y distintos representantes de instituciones y profesionales de la salud, se reunieron en el sal\u00f3n \u201cDelmo Dar\u00f3\u201d donde se volvieron a tocar distintos temas. Los profesionales  de la salud privada, m\u00e9dicos y bioqu\u00edmicos plantearon su preocupaci\u00f3n y se pusieron a disposici\u00f3n para trabajar en conjunto, as\u00ed mismo lo hicieron distintos representantes.<\/p>\n\n\n\n<p>Recalcando lo importante, cada uno desde su lugar hizo incapi\u00e9 en un mensaje claro, que la gente debe quedarse en su casa, los mayores de 60 a\u00f1os siendo personas en riesgo deben hacer lo mismo. <\/p>\n\n\n\n<p>Junto con Bomberos tomaron una determinaci\u00f3n de salir por los lugares donde la gente a\u00fan acude con sus hijos a parque y plazas, es por eso que saldr\u00e1 bomberos con auto parlante diciendo lo siguiente mensaje,<strong>\u00abLos invitamos a retirarse a sus respectivos domicilios, permanezcan con sus familias, respetando las indicaciones de las autoridades sanitarias. Hoy m\u00e1s que nunca, demostremos el compromiso y la responsabilidad de los armstronenses.\u00bb<\/strong><\/p>\n\n\n\n<p> La directora del S.A.M.Co. informo que Armstrong cuenta con Terapia intensiva y con 4 respiradores, los \u00fanicos en el Departamento Belgrano y que con administraci\u00f3n propia est\u00e1n comprando insumos necesarios para tener en el hospital. <\/p>\n\n\n\n<p> Asimismo el intendente recalco que estar\u00e1n controlando a los comercios de la ciudad para que mantengan los precios con el alcohol en gel y de los producto comestibles. Se pide a la poblaci\u00f3n que si conocen de casos donde se abusa en los precios hagan la denuncia necesaria.<\/p>\n","protected":false},"excerpt":{"rendered":"<p>Reuni\u00f3n del Comit\u00e9 de Emergencia Sanitario de Armstrong<\/p>\n","protected":false},"author":1,"featured_media":25191,"comment_status":"open","ping_status":"open","sticky":false,"template":"","format":"image","meta":{"_jetpack_memberships_contains_paid_content":false,"footnotes":"","jetpack_publicize_message":"","jetpack_publicize_feature_enabled":true,"jetpack_social_post_already_shared":true,"jetpack_social_options":{"image_generator_settings":{"template":"highway","default_image_id":0,"enabled":false},"version":2}},"categories":[8,1,2],"tags":[],"class_list":["post-25190","post","type-post","status-publish","format-image","has-post-thumbnail","hentry","category-deliberando","category-diario-armstrong","category-locales","post_format-post-format-image"],"jetpack_publicize_connections":[],"jetpack_featured_media_url":"https:\/\/armstrongyregion.com.ar\/diario\/wp-content\/uploads\/2020\/03\/comite-.jpeg","jetpack_shortlink":"https:\/\/wp.me\/p62QDO-6yi","jetpack_sharing_enabled":true,"amp_enabled":true,"_links":{"self":[{"href":"https:\/\/armstrongyregion.com.ar\/diario\/wp-json\/wp\/v2\/posts\/25190","targetHints":{"allow":["GET"]}}],"collection":[{"href":"https:\/\/armstrongyregion.com.ar\/diario\/wp-json\/wp\/v2\/posts"}],"about":[{"href":"https:\/\/armstrongyregion.com.ar\/diario\/wp-json\/wp\/v2\/types\/post"}],"author":[{"embeddable":true,"href":"https:\/\/armstrongyregion.com.ar\/diario\/wp-json\/wp\/v2\/users\/1"}],"replies":[{"embeddable":true,"href":"https:\/\/armstrongyregion.com.ar\/diario\/wp-json\/wp\/v2\/comments?post=25190"}],"version-history":[{"count":1,"href":"https:\/\/armstrongyregion.com.ar\/diario\/wp-json\/wp\/v2\/posts\/25190\/revisions"}],"predecessor-version":[{"id":25192,"href":"https:\/\/armstrongyregion.com.ar\/diario\/wp-json\/wp\/v2\/posts\/25190\/revisions\/25192"}],"wp:featuredmedia":[{"embeddable":true,"href":"https:\/\/armstrongyregion.com.ar\/diario\/wp-json\/wp\/v2\/media\/25191"}],"wp:attachment":[{"href":"https:\/\/armstrongyregion.com.ar\/diario\/wp-json\/wp\/v2\/media?parent=25190"}],"wp:term":[{"taxonomy":"category","embeddable":true,"href":"https:\/\/armstrongyregion.com.ar\/diario\/wp-json\/wp\/v2\/categories?post=25190"},{"taxonomy":"post_tag","embeddable":true,"href":"https:\/\/armstrongyregion.com.ar\/diario\/wp-json\/wp\/v2\/tags?post=25190"}],"curies":[{"name":"wp","href":"https:\/\/api.w.org\/{rel}","templated":true}]}}