{"id":2517,"date":"2015-06-07T02:03:10","date_gmt":"2015-06-07T02:03:10","guid":{"rendered":"https:\/\/armstrongyregion.com.ar\/diario\/?p=2517"},"modified":"2015-06-07T02:03:10","modified_gmt":"2015-06-07T02:03:10","slug":"las-parejas-el-frente-justicialista-para-la-victoria-cerro-su-campana","status":"publish","type":"post","link":"https:\/\/armstrongyregion.com.ar\/diario\/las-parejas-el-frente-justicialista-para-la-victoria-cerro-su-campana\/","title":{"rendered":"Las Parejas: El Frente Justicialista Para la Victoria cerr\u00f3 su campa\u00f1a."},"content":{"rendered":"<p><a href=\"http:\/\/armstrongyregion.com.ar\/diario\/wp-content\/uploads\/2015\/06\/10168104_863530307061051_3604218017043031664_n.jpg\"><img loading=\"lazy\" decoding=\"async\" class=\"alignnone size-medium wp-image-2518\" src=\"http:\/\/armstrongyregion.com.ar\/diario\/wp-content\/uploads\/2015\/06\/10168104_863530307061051_3604218017043031664_n-300x200.jpg\" alt=\"Horacio Compagnucci\" width=\"300\" height=\"200\" srcset=\"https:\/\/armstrongyregion.com.ar\/diario\/wp-content\/uploads\/2015\/06\/10168104_863530307061051_3604218017043031664_n-300x200.jpg 300w, https:\/\/armstrongyregion.com.ar\/diario\/wp-content\/uploads\/2015\/06\/10168104_863530307061051_3604218017043031664_n.jpg 960w\" sizes=\"auto, (max-width: 300px) 100vw, 300px\" \/><\/a>El pasado viernes 5 de junio, el Frente Justicialista Para la Victoria, de Las Parejas realiz\u00f3 su cierre de campa\u00f1a de cara a las elecciones del 14 de junio.<\/p>\n<p>Tuvimos la oportunidad de dialogar con el candidato a intendente Horacio Compagnucci, quien sobre la sensaci\u00f3n de ese encuentro ante una gran cantidad de personas dijo: \u201cEs muy importante, tener mil ochocientas personas en un cierre de campa\u00f1a no es poca cosa, es el cierre del trabajo de toda la militancia, de todos nosotros llevando el mensaje a cada uno de los sectores de la ciudad y lo estamos viviendo con toda alegr\u00eda.\u201d<\/p>\n<p>Tambi\u00e9n dec\u00eda: \u201cLos que estamos en pol\u00edtica estamos porque nos gusta, nadie est\u00e1 por obligaci\u00f3n, en un trabajo se puede estar por obligaci\u00f3n porque se necesita, pero en la pol\u00edtica se est\u00e1 porque gusta.\u201d<\/p>\n<p>\u201cEsto es una pasi\u00f3n \u2013 sigui\u00f3 diciendo \u2013 asi que con esa pasi\u00f3n que le ponemos todos los d\u00edas tratamos de llegar a cada uno de los vecinos.\u201d<\/p>\n<p>Compagnucci, consultado porque los parejenses deben acompa\u00f1arlo este 14 de junio afirm\u00f3: \u201cEl 14 de junio los ciudadanos de Las Parejas, van a acompa\u00f1ar un proyecto de trabajo, que viene desde al a\u00f1o 85 ac\u00e1 en la ciudad, primero con Tola, luego con Bocha, despu\u00e9s con Diego. Se ha hecho much\u00edsimo, se ha trabajado mucho, hemos pasado momentos dif\u00edciles como asi otros muy buenos y hoy estamos con obras muy importantes dentro de la ciudad, tenemos que ponerlas algunas de ellas en funcionamiento, otras terminarlas, tambi\u00e9n algunas a construir, pero no nos tenemos que olvidar de los barrios, nos hemos tomado compromisos con algunos sectores de la ciudad, donde vamos a comenzar a trabajar, a remodelarlos, ha pasado el tiempo y ahora les toca a ellos tambi\u00e9n.\u201d<\/p>\n<p>Finalmente sobre los puntos b\u00e1sicos a desarrollar remarc\u00f3 que uno de los m\u00e1s necesarios es el tema de la seguridad, donde la municipalidad aportara lo que haga falta y que la provincia sea responsable de la misma como lo marca la constituci\u00f3n y no mire para otro lado.<\/p>\n","protected":false},"excerpt":{"rendered":"<p>El pasado viernes 5 de junio, el Frente Justicialista Para la Victoria, de Las Parejas realiz\u00f3 su cierre de campa\u00f1a de cara a las elecciones del 14 de junio. Tuvimos la oportunidad de dialogar con el candidato a intendente Horacio Compagnucci, quien sobre la sensaci\u00f3n de ese encuentro ante una gran cantidad de personas dijo: <a href=\"https:\/\/armstrongyregion.com.ar\/diario\/las-parejas-el-frente-justicialista-para-la-victoria-cerro-su-campana\/\" title=\"Read more\" >&#8230;<\/a><\/p>\n","protected":false},"author":2,"featured_media":2518,"comment_status":"open","ping_status":"open","sticky":false,"template":"","format":"standard","meta":{"_jetpack_memberships_contains_paid_content":false,"footnotes":"","jetpack_publicize_message":"","jetpack_publicize_feature_enabled":true,"jetpack_social_post_already_shared":false,"jetpack_social_options":{"image_generator_settings":{"template":"highway","default_image_id":0,"enabled":false},"version":2}},"categories":[1,7,3],"tags":[1007,1915,257,886,31,1914,81,35,887],"class_list":["post-2517","post","type-post","status-publish","format-standard","has-post-thumbnail","hentry","category-diario-armstrong","category-politica","category-region","tag-campana","tag-cerro","tag-frente","tag-justicialista","tag-la","tag-las-parejas-el","tag-para","tag-su","tag-victoria"],"jetpack_publicize_connections":[],"jetpack_featured_media_url":"https:\/\/armstrongyregion.com.ar\/diario\/wp-content\/uploads\/2015\/06\/10168104_863530307061051_3604218017043031664_n.jpg","jetpack_shortlink":"https:\/\/wp.me\/p62QDO-EB","jetpack_sharing_enabled":true,"amp_enabled":true,"_links":{"self":[{"href":"https:\/\/armstrongyregion.com.ar\/diario\/wp-json\/wp\/v2\/posts\/2517","targetHints":{"allow":["GET"]}}],"collection":[{"href":"https:\/\/armstrongyregion.com.ar\/diario\/wp-json\/wp\/v2\/posts"}],"about":[{"href":"https:\/\/armstrongyregion.com.ar\/diario\/wp-json\/wp\/v2\/types\/post"}],"author":[{"embeddable":true,"href":"https:\/\/armstrongyregion.com.ar\/diario\/wp-json\/wp\/v2\/users\/2"}],"replies":[{"embeddable":true,"href":"https:\/\/armstrongyregion.com.ar\/diario\/wp-json\/wp\/v2\/comments?post=2517"}],"version-history":[{"count":0,"href":"https:\/\/armstrongyregion.com.ar\/diario\/wp-json\/wp\/v2\/posts\/2517\/revisions"}],"wp:featuredmedia":[{"embeddable":true,"href":"https:\/\/armstrongyregion.com.ar\/diario\/wp-json\/wp\/v2\/media\/2518"}],"wp:attachment":[{"href":"https:\/\/armstrongyregion.com.ar\/diario\/wp-json\/wp\/v2\/media?parent=2517"}],"wp:term":[{"taxonomy":"category","embeddable":true,"href":"https:\/\/armstrongyregion.com.ar\/diario\/wp-json\/wp\/v2\/categories?post=2517"},{"taxonomy":"post_tag","embeddable":true,"href":"https:\/\/armstrongyregion.com.ar\/diario\/wp-json\/wp\/v2\/tags?post=2517"}],"curies":[{"name":"wp","href":"https:\/\/api.w.org\/{rel}","templated":true}]}}