{"id":2514,"date":"2015-06-07T01:53:59","date_gmt":"2015-06-07T01:53:59","guid":{"rendered":"https:\/\/armstrongyregion.com.ar\/diario\/?p=2514"},"modified":"2015-06-07T01:53:59","modified_gmt":"2015-06-07T01:53:59","slug":"canada-de-gomez-se-habilito-una-muestra-colectiva-en-el-mac","status":"publish","type":"post","link":"https:\/\/armstrongyregion.com.ar\/diario\/canada-de-gomez-se-habilito-una-muestra-colectiva-en-el-mac\/","title":{"rendered":"Ca\u00f1ada de G\u00f3mez. Se habilit\u00f3 una muestra colectiva en el MAC."},"content":{"rendered":"<p><a href=\"http:\/\/armstrongyregion.com.ar\/diario\/wp-content\/uploads\/2015\/06\/IMG_0054.jpg\"><img loading=\"lazy\" decoding=\"async\" class=\"alignnone size-medium wp-image-2515\" src=\"http:\/\/armstrongyregion.com.ar\/diario\/wp-content\/uploads\/2015\/06\/IMG_0054-300x200.jpg\" alt=\"Muestra en el MAC\" width=\"300\" height=\"200\" srcset=\"https:\/\/armstrongyregion.com.ar\/diario\/wp-content\/uploads\/2015\/06\/IMG_0054-300x200.jpg 300w, https:\/\/armstrongyregion.com.ar\/diario\/wp-content\/uploads\/2015\/06\/IMG_0054-1024x682.jpg 1024w, https:\/\/armstrongyregion.com.ar\/diario\/wp-content\/uploads\/2015\/06\/IMG_0054.jpg 1152w\" sizes=\"auto, (max-width: 300px) 100vw, 300px\" \/><\/a>Incluye trabajos de una docena de artistas de la ciudad y estar\u00e1 en exhibici\u00f3n hasta el 5 de julio. El Coro Municipal particip\u00f3 de esta<br \/>\nprimera jornada.<\/p>\n<p>El pasado viernes se habilit\u00f3 una nueva muestra colectiva en el Museo de Arte Ca\u00f1adenses con la presencia de la intendenta Stella Cl\u00e9rici y el<br \/>\nconcejal Juan Tocalli y la participaci\u00f3n del Coro Municipal. La muestra incluye el trabajo de una docena de artistas de nuestra ciudad y estar\u00e1<br \/>\nen exhibici\u00f3n hasta el 5 de julio.<br \/>\nEn la puesta en escena participan diferentes artistas locales, alumnos y profesores de la Escuela Municipal Pedro Re\u00fcn como as\u00ed tambi\u00e9n el<br \/>\nespacio que recuerda a nuestros pintores hist\u00f3ricos locales.<br \/>\nLa muestra estar\u00e1 podr\u00e1 visitarse durante s\u00e1bados, domingos y feriados de 15 a 18 hs. Para visitas escolares comunicarse al 03471-15504169.<\/p>\n","protected":false},"excerpt":{"rendered":"<p>Incluye trabajos de una docena de artistas de la ciudad y estar\u00e1 en exhibici\u00f3n hasta el 5 de julio. El Coro Municipal particip\u00f3 de esta primera jornada. El pasado viernes se habilit\u00f3 una nueva muestra colectiva en el Museo de Arte Ca\u00f1adenses con la presencia de la intendenta Stella Cl\u00e9rici y el concejal Juan Tocalli <a href=\"https:\/\/armstrongyregion.com.ar\/diario\/canada-de-gomez-se-habilito-una-muestra-colectiva-en-el-mac\/\" title=\"Read more\" >&#8230;<\/a><\/p>\n","protected":false},"author":2,"featured_media":2515,"comment_status":"open","ping_status":"open","sticky":false,"template":"","format":"standard","meta":{"_jetpack_memberships_contains_paid_content":false,"footnotes":"","jetpack_publicize_message":"","jetpack_publicize_feature_enabled":true,"jetpack_social_post_already_shared":false,"jetpack_social_options":{"image_generator_settings":{"template":"highway","default_image_id":0,"enabled":false},"version":2}},"categories":[6,1,3],"tags":[163,176,19,16,15,164,1578,1913,1358,86,103],"class_list":["post-2514","post","type-post","status-publish","format-standard","has-post-thumbnail","hentry","category-cultura-entretenimiento","category-diario-armstrong","category-region","tag-canada","tag-colectiva","tag-de","tag-el","tag-en","tag-gomez","tag-habilito","tag-mac","tag-muestra","tag-se","tag-una"],"jetpack_publicize_connections":[],"jetpack_featured_media_url":"https:\/\/armstrongyregion.com.ar\/diario\/wp-content\/uploads\/2015\/06\/IMG_0054.jpg","jetpack_shortlink":"https:\/\/wp.me\/p62QDO-Ey","jetpack_sharing_enabled":true,"amp_enabled":true,"_links":{"self":[{"href":"https:\/\/armstrongyregion.com.ar\/diario\/wp-json\/wp\/v2\/posts\/2514","targetHints":{"allow":["GET"]}}],"collection":[{"href":"https:\/\/armstrongyregion.com.ar\/diario\/wp-json\/wp\/v2\/posts"}],"about":[{"href":"https:\/\/armstrongyregion.com.ar\/diario\/wp-json\/wp\/v2\/types\/post"}],"author":[{"embeddable":true,"href":"https:\/\/armstrongyregion.com.ar\/diario\/wp-json\/wp\/v2\/users\/2"}],"replies":[{"embeddable":true,"href":"https:\/\/armstrongyregion.com.ar\/diario\/wp-json\/wp\/v2\/comments?post=2514"}],"version-history":[{"count":0,"href":"https:\/\/armstrongyregion.com.ar\/diario\/wp-json\/wp\/v2\/posts\/2514\/revisions"}],"wp:featuredmedia":[{"embeddable":true,"href":"https:\/\/armstrongyregion.com.ar\/diario\/wp-json\/wp\/v2\/media\/2515"}],"wp:attachment":[{"href":"https:\/\/armstrongyregion.com.ar\/diario\/wp-json\/wp\/v2\/media?parent=2514"}],"wp:term":[{"taxonomy":"category","embeddable":true,"href":"https:\/\/armstrongyregion.com.ar\/diario\/wp-json\/wp\/v2\/categories?post=2514"},{"taxonomy":"post_tag","embeddable":true,"href":"https:\/\/armstrongyregion.com.ar\/diario\/wp-json\/wp\/v2\/tags?post=2514"}],"curies":[{"name":"wp","href":"https:\/\/api.w.org\/{rel}","templated":true}]}}