{"id":25128,"date":"2020-03-16T11:00:15","date_gmt":"2020-03-16T11:00:15","guid":{"rendered":"https:\/\/armstrongyregion.com.ar\/diario\/?p=25128"},"modified":"2020-03-16T11:00:24","modified_gmt":"2020-03-16T11:00:24","slug":"se-suspenden-las-clases-en-todo-el-pais-al-menos-por-el-resto-de-marzo","status":"publish","type":"post","link":"https:\/\/armstrongyregion.com.ar\/diario\/se-suspenden-las-clases-en-todo-el-pais-al-menos-por-el-resto-de-marzo\/","title":{"rendered":"Se suspenden las clases en todo el pa\u00eds, al menos por el resto de marzo."},"content":{"rendered":"\n<figure class=\"wp-block-image size-large\"><img loading=\"lazy\" decoding=\"async\" width=\"800\" height=\"450\" src=\"http:\/\/armstrongyregion.com.ar\/diario\/wp-content\/uploads\/2020\/03\/gob1.jpg_1756841869.jpg\" alt=\"\" class=\"wp-image-25129\" srcset=\"https:\/\/armstrongyregion.com.ar\/diario\/wp-content\/uploads\/2020\/03\/gob1.jpg_1756841869.jpg 800w, https:\/\/armstrongyregion.com.ar\/diario\/wp-content\/uploads\/2020\/03\/gob1.jpg_1756841869-300x169.jpg 300w, https:\/\/armstrongyregion.com.ar\/diario\/wp-content\/uploads\/2020\/03\/gob1.jpg_1756841869-768x432.jpg 768w\" sizes=\"auto, (max-width: 800px) 100vw, 800px\" \/><\/figure>\n\n\n\n<h2 class=\"wp-block-heading\"> Lo dispuso el gobierno en una reuni\u00f3n de emergencia este domingo, ante el avance de los contagios. Tambi\u00e9n por dos semanas se cierran todas las fronteras, incluso por tierra. Y habr\u00e1 licencia para mayores de 60\u00a0a\u00f1os.<\/h2>\n\n\n\n<p> El presidente de la Naci\u00f3n, Alberto Fern\u00e1ndez, anunci\u00f3 este domingo la<strong>\u00a0suspensi\u00f3n de las clases<\/strong>\u00a0del nivel primario y secundario<strong>\u00a0a partir de este lunes y al menos hasta el 31 de marzo<\/strong>, para prevenir la propagaci\u00f3n del\u00a0<strong>coronavirus<\/strong>. <\/p>\n\n\n\n<p>El mandatario hizo el anuncio durante una rueda de prensa en la Residencia Presidencial de Olivos, luego de una reuni\u00f3n por la tarde con su gabinete y miembros de otros gobiernos distritales.<\/p>\n\n\n\n<p><\/p>\n\n\n\n<p>Fern\u00e1ndez dijo que \u00ab<strong>podemos hacer algo para evitar la circulaci\u00f3n del virus en menores<\/strong>, que si bien su riesgo de contagio no es importante,<strong>\u00a0a veces son portadores y terminan contagiando a los mayores<\/strong>\u00ab, por lo que se decidi\u00f3 para los niveles primario y secundario \u00absuspender las clases desde ma\u00f1ana y hasta el 31 de marzo\u00bb.<\/p>\n\n\n\n<p>Agreg\u00f3 que se tom\u00f3 la medida \u00abcon el prop\u00f3sito de minimizar el tr\u00e1nsito de los alumnos y el virus\u00bb, al igual que la que tom\u00f3&nbsp;<a href=\"https:\/\/www.rosario3.com\/informaciongeneral\/Suspenden-hasta-el-31-de-marzo-las-clases-en-facultades-y-escuelas-de-la-UNR-20200315-0027.html\" target=\"_blank\" rel=\"noreferrer noopener\">la Universidad Nacional de Rosario<\/a>&nbsp;(UNR) por el mismo plazo preventivo.<\/p>\n\n\n\n<p>No obstante, el presidente de la Naci\u00f3n aclar\u00f3 que \u00ab<strong>las escuelas estar\u00e1n abiertas atendiendo las otras obligaciones&nbsp;<\/strong>que tienen, como la del alimento para muchos de esos chicos\u00bb que concurren a las mismas.<\/p>\n\n\n\n<p>\u201cSi tomamos el problema de chiquito, vamos a evitar que crezca\u201d, expres\u00f3 el jefe de Estado, acompa\u00f1ado en la conferencia por el gobernador bonaerense, Axel Kicillof, y el jefe de Gobierno porte\u00f1o, Horario Rodr\u00edguez Larreta.<\/p>\n","protected":false},"excerpt":{"rendered":"<p>Lo dispuso el gobierno en una reuni\u00f3n de emergencia este domingo, ante el avance de los contagios. Tambi\u00e9n por dos semanas se cierran todas las fronteras, incluso por tierra. Y habr\u00e1 licencia para mayores de 60\u00a0a\u00f1os. El presidente de la Naci\u00f3n, Alberto Fern\u00e1ndez, anunci\u00f3 este domingo la\u00a0suspensi\u00f3n de las clases\u00a0del nivel primario y secundario\u00a0a partir <a href=\"https:\/\/armstrongyregion.com.ar\/diario\/se-suspenden-las-clases-en-todo-el-pais-al-menos-por-el-resto-de-marzo\/\" title=\"Read more\" >&#8230;<\/a><\/p>\n","protected":false},"author":1,"featured_media":25129,"comment_status":"open","ping_status":"open","sticky":false,"template":"","format":"image","meta":{"_jetpack_memberships_contains_paid_content":false,"footnotes":"","jetpack_publicize_message":"","jetpack_publicize_feature_enabled":true,"jetpack_social_post_already_shared":true,"jetpack_social_options":{"image_generator_settings":{"template":"highway","default_image_id":0,"enabled":false},"version":2}},"categories":[6,8,1,2,7,3],"tags":[],"class_list":["post-25128","post","type-post","status-publish","format-image","has-post-thumbnail","hentry","category-cultura-entretenimiento","category-deliberando","category-diario-armstrong","category-locales","category-politica","category-region","post_format-post-format-image"],"jetpack_publicize_connections":[],"jetpack_featured_media_url":"https:\/\/armstrongyregion.com.ar\/diario\/wp-content\/uploads\/2020\/03\/gob1.jpg_1756841869.jpg","jetpack_shortlink":"https:\/\/wp.me\/p62QDO-6xi","jetpack_sharing_enabled":true,"amp_enabled":true,"_links":{"self":[{"href":"https:\/\/armstrongyregion.com.ar\/diario\/wp-json\/wp\/v2\/posts\/25128","targetHints":{"allow":["GET"]}}],"collection":[{"href":"https:\/\/armstrongyregion.com.ar\/diario\/wp-json\/wp\/v2\/posts"}],"about":[{"href":"https:\/\/armstrongyregion.com.ar\/diario\/wp-json\/wp\/v2\/types\/post"}],"author":[{"embeddable":true,"href":"https:\/\/armstrongyregion.com.ar\/diario\/wp-json\/wp\/v2\/users\/1"}],"replies":[{"embeddable":true,"href":"https:\/\/armstrongyregion.com.ar\/diario\/wp-json\/wp\/v2\/comments?post=25128"}],"version-history":[{"count":1,"href":"https:\/\/armstrongyregion.com.ar\/diario\/wp-json\/wp\/v2\/posts\/25128\/revisions"}],"predecessor-version":[{"id":25130,"href":"https:\/\/armstrongyregion.com.ar\/diario\/wp-json\/wp\/v2\/posts\/25128\/revisions\/25130"}],"wp:featuredmedia":[{"embeddable":true,"href":"https:\/\/armstrongyregion.com.ar\/diario\/wp-json\/wp\/v2\/media\/25129"}],"wp:attachment":[{"href":"https:\/\/armstrongyregion.com.ar\/diario\/wp-json\/wp\/v2\/media?parent=25128"}],"wp:term":[{"taxonomy":"category","embeddable":true,"href":"https:\/\/armstrongyregion.com.ar\/diario\/wp-json\/wp\/v2\/categories?post=25128"},{"taxonomy":"post_tag","embeddable":true,"href":"https:\/\/armstrongyregion.com.ar\/diario\/wp-json\/wp\/v2\/tags?post=25128"}],"curies":[{"name":"wp","href":"https:\/\/api.w.org\/{rel}","templated":true}]}}