{"id":2511,"date":"2015-06-06T13:43:08","date_gmt":"2015-06-06T13:43:08","guid":{"rendered":"https:\/\/armstrongyregion.com.ar\/diario\/?p=2511"},"modified":"2015-06-06T13:43:08","modified_gmt":"2015-06-06T13:43:08","slug":"quedo-habilitada-la-muestra-voluntarios","status":"publish","type":"post","link":"https:\/\/armstrongyregion.com.ar\/diario\/quedo-habilitada-la-muestra-voluntarios\/","title":{"rendered":"Qued\u00f3 habilitada la muestra \u201cVOLUNTARIOS\u201d."},"content":{"rendered":"<p><a href=\"http:\/\/armstrongyregion.com.ar\/diario\/wp-content\/uploads\/2015\/06\/DSC_0138.jpg\"><img loading=\"lazy\" decoding=\"async\" class=\"alignnone size-medium wp-image-2512\" src=\"http:\/\/armstrongyregion.com.ar\/diario\/wp-content\/uploads\/2015\/06\/DSC_0138-300x200.jpg\" alt=\"Bomberos Armstrong\" width=\"300\" height=\"200\" srcset=\"https:\/\/armstrongyregion.com.ar\/diario\/wp-content\/uploads\/2015\/06\/DSC_0138-300x200.jpg 300w, https:\/\/armstrongyregion.com.ar\/diario\/wp-content\/uploads\/2015\/06\/DSC_0138-1024x682.jpg 1024w\" sizes=\"auto, (max-width: 300px) 100vw, 300px\" \/><\/a>El pasado jueves 4 de junio a partir de las 20hs. quedo habilitada la muestra \u201cVoluntarios\u201d.<br \/>\nDiego Fontanesi, director del museo, en dialogo con la prensa, nos dec\u00eda, en el marco de las muestras itinerantes, siempre convocamos a diversas instituciones y el mes de junio es muy particular ya que se celebra el d\u00eda de BOMBEROS, sumado a que en mayo esta instituci\u00f3n cumpli\u00f3 41 aniversario, incorporamos a este espacio dicha tem\u00e1tica.<br \/>\nA lo largo de cuatro d\u00e9cadas los bomberos se fueron modernizando y tecnificando, el trabajo de recaudar los materiales fue muy interesante nos comentaba el funcionario, ya que no los ten\u00eda una sola persona sino que varias familias de la localidad guardan estos objetos y los aportaron para la muestra, trajes para fuego, extinguidores de llama, las primeras botas, los cascos cola de pato que est\u00e1n exhibidos fueron prestados por familias de Villa Elo\u00edsa, incluso hay un traje actual de ultima generaci\u00f3n para los casos de derrames t\u00f3xicos.<br \/>\n\u201cVoluntarios\u201d estar\u00e1 a disposici\u00f3n del p\u00fablico hasta el domingo 12 de julio, con entrada libre y gratuita.<br \/>\nPara los contingentes escolares Tel. 4-60555 sacar turno y siempre les har\u00e1 de gu\u00eda un bombero voluntario de la ciudad.<\/p>\n","protected":false},"excerpt":{"rendered":"<p>El pasado jueves 4 de junio a partir de las 20hs. quedo habilitada la muestra \u201cVoluntarios\u201d. Diego Fontanesi, director del museo, en dialogo con la prensa, nos dec\u00eda, en el marco de las muestras itinerantes, siempre convocamos a diversas instituciones y el mes de junio es muy particular ya que se celebra el d\u00eda de <a href=\"https:\/\/armstrongyregion.com.ar\/diario\/quedo-habilitada-la-muestra-voluntarios\/\" title=\"Read more\" >&#8230;<\/a><\/p>\n","protected":false},"author":2,"featured_media":2512,"comment_status":"open","ping_status":"open","sticky":false,"template":"","format":"standard","meta":{"_jetpack_memberships_contains_paid_content":false,"footnotes":"","jetpack_publicize_message":"","jetpack_publicize_feature_enabled":true,"jetpack_social_post_already_shared":false,"jetpack_social_options":{"image_generator_settings":{"template":"highway","default_image_id":0,"enabled":false},"version":2}},"categories":[6,1,2],"tags":[1662,31,1358,1661,353],"class_list":["post-2511","post","type-post","status-publish","format-standard","has-post-thumbnail","hentry","category-cultura-entretenimiento","category-diario-armstrong","category-locales","tag-habilitada","tag-la","tag-muestra","tag-quedo","tag-voluntarios"],"jetpack_publicize_connections":[],"jetpack_featured_media_url":"https:\/\/armstrongyregion.com.ar\/diario\/wp-content\/uploads\/2015\/06\/DSC_0138.jpg","jetpack_shortlink":"https:\/\/wp.me\/p62QDO-Ev","jetpack_sharing_enabled":true,"amp_enabled":true,"_links":{"self":[{"href":"https:\/\/armstrongyregion.com.ar\/diario\/wp-json\/wp\/v2\/posts\/2511","targetHints":{"allow":["GET"]}}],"collection":[{"href":"https:\/\/armstrongyregion.com.ar\/diario\/wp-json\/wp\/v2\/posts"}],"about":[{"href":"https:\/\/armstrongyregion.com.ar\/diario\/wp-json\/wp\/v2\/types\/post"}],"author":[{"embeddable":true,"href":"https:\/\/armstrongyregion.com.ar\/diario\/wp-json\/wp\/v2\/users\/2"}],"replies":[{"embeddable":true,"href":"https:\/\/armstrongyregion.com.ar\/diario\/wp-json\/wp\/v2\/comments?post=2511"}],"version-history":[{"count":0,"href":"https:\/\/armstrongyregion.com.ar\/diario\/wp-json\/wp\/v2\/posts\/2511\/revisions"}],"wp:featuredmedia":[{"embeddable":true,"href":"https:\/\/armstrongyregion.com.ar\/diario\/wp-json\/wp\/v2\/media\/2512"}],"wp:attachment":[{"href":"https:\/\/armstrongyregion.com.ar\/diario\/wp-json\/wp\/v2\/media?parent=2511"}],"wp:term":[{"taxonomy":"category","embeddable":true,"href":"https:\/\/armstrongyregion.com.ar\/diario\/wp-json\/wp\/v2\/categories?post=2511"},{"taxonomy":"post_tag","embeddable":true,"href":"https:\/\/armstrongyregion.com.ar\/diario\/wp-json\/wp\/v2\/tags?post=2511"}],"curies":[{"name":"wp","href":"https:\/\/api.w.org\/{rel}","templated":true}]}}