{"id":25099,"date":"2020-03-13T13:20:05","date_gmt":"2020-03-13T13:20:05","guid":{"rendered":"https:\/\/armstrongyregion.com.ar\/diario\/?p=25099"},"modified":"2020-03-13T13:36:29","modified_gmt":"2020-03-13T13:36:29","slug":"pertusati-la-plata-esta-el-que-no-quiere-la-educacion-es-perotti","status":"publish","type":"post","link":"https:\/\/armstrongyregion.com.ar\/diario\/pertusati-la-plata-esta-el-que-no-quiere-la-educacion-es-perotti\/","title":{"rendered":"Pertusati: \u201cLa plata esta, el que no quiere la educaci\u00f3n es Perotti\u201d."},"content":{"rendered":"\n<figure class=\"wp-block-image size-large\"><img decoding=\"async\" src=\"http:\/\/armstrongyregion.com.ar\/diario\/wp-content\/uploads\/2018\/05\/CSC_0048-1024x681.jpg\" alt=\"Concejal- Alejandro-Pertusati-\" class=\"wp-image-17114\"\/><\/figure>\n\n\n\n<p>El bloque oficialista presento una adhesi\u00f3n al proyecto de la\nDiputada Silvana Di Stefano con respecto a la escuela t\u00e9cnica de Armstrong..<\/p>\n\n\n\n<p>El edil expresaba: \u201cComo ya lo anticipo la Diputada Di\nStefano,este proyecto es &nbsp;para conocer el\nestado de la obra de la escuela t\u00e9cnica, &nbsp;por supuesto es lo mismo que preguntamos\nnosotros, ya que a partir del 10 de diciembre se dejaron de realizar los\ntrabajos. Luego se suma la preocupaci\u00f3n por el retiro de la maquinaria que hab\u00eda\nen el lugar\u201d. <\/p>\n\n\n\n<p>Siguiendo la misma l\u00ednea de discurso el concejal reitero: \u201cNosotros queremos elevar esta minuta de comunicaci\u00f3n, por supuesto que queremos una respuesta ya que la educaci\u00f3n de los chicos no puede esperar. \u00a0Est\u00e1n oportunamente en un lugar provisorio que no es una escuela\u00a0 t\u00e9cnica, en este momento yo no s\u00e9 qu\u00e9 est\u00e1 esperando el gobierno, ya que la oposici\u00f3n les dio al gobernador Perotti 92 mil millones para gastos corrientes, 2.500 millones para alimentaci\u00f3n, 2.500 para salud, 2.000 millones para seguridad, fondo para municipios y comunas 2.000 millones, mil millones para localidades que se declaren en emergencia, Ley de consenso fiscal, tributarios. Presupuesto total de 413 mil millones y la deuda consolidada de la provincia es de 5 mil millones. La plata esta, el que no quiere la educaci\u00f3n es Perotti\u201d. Afirm\u00f3 Pertusati.<\/p>\n","protected":false},"excerpt":{"rendered":"<p>Pertusati: \u201cLa plata esta, el que no quiere la educaci\u00f3n es Perotti\u201d.<\/p>\n","protected":false},"author":1,"featured_media":0,"comment_status":"open","ping_status":"open","sticky":false,"template":"","format":"image","meta":{"_jetpack_memberships_contains_paid_content":false,"footnotes":"","jetpack_publicize_message":"","jetpack_publicize_feature_enabled":true,"jetpack_social_post_already_shared":true,"jetpack_social_options":{"image_generator_settings":{"template":"highway","default_image_id":0,"enabled":false},"version":2}},"categories":[6,8,1,2,7],"tags":[],"class_list":["post-25099","post","type-post","status-publish","format-image","hentry","category-cultura-entretenimiento","category-deliberando","category-diario-armstrong","category-locales","category-politica","post_format-post-format-image"],"jetpack_publicize_connections":[],"jetpack_featured_media_url":"","jetpack_shortlink":"https:\/\/wp.me\/p62QDO-6wP","jetpack_sharing_enabled":true,"amp_enabled":true,"_links":{"self":[{"href":"https:\/\/armstrongyregion.com.ar\/diario\/wp-json\/wp\/v2\/posts\/25099","targetHints":{"allow":["GET"]}}],"collection":[{"href":"https:\/\/armstrongyregion.com.ar\/diario\/wp-json\/wp\/v2\/posts"}],"about":[{"href":"https:\/\/armstrongyregion.com.ar\/diario\/wp-json\/wp\/v2\/types\/post"}],"author":[{"embeddable":true,"href":"https:\/\/armstrongyregion.com.ar\/diario\/wp-json\/wp\/v2\/users\/1"}],"replies":[{"embeddable":true,"href":"https:\/\/armstrongyregion.com.ar\/diario\/wp-json\/wp\/v2\/comments?post=25099"}],"version-history":[{"count":3,"href":"https:\/\/armstrongyregion.com.ar\/diario\/wp-json\/wp\/v2\/posts\/25099\/revisions"}],"predecessor-version":[{"id":25102,"href":"https:\/\/armstrongyregion.com.ar\/diario\/wp-json\/wp\/v2\/posts\/25099\/revisions\/25102"}],"wp:attachment":[{"href":"https:\/\/armstrongyregion.com.ar\/diario\/wp-json\/wp\/v2\/media?parent=25099"}],"wp:term":[{"taxonomy":"category","embeddable":true,"href":"https:\/\/armstrongyregion.com.ar\/diario\/wp-json\/wp\/v2\/categories?post=25099"},{"taxonomy":"post_tag","embeddable":true,"href":"https:\/\/armstrongyregion.com.ar\/diario\/wp-json\/wp\/v2\/tags?post=25099"}],"curies":[{"name":"wp","href":"https:\/\/api.w.org\/{rel}","templated":true}]}}