{"id":25090,"date":"2020-03-12T19:46:23","date_gmt":"2020-03-12T19:46:23","guid":{"rendered":"https:\/\/armstrongyregion.com.ar\/diario\/?p=25090"},"modified":"2020-03-12T19:46:32","modified_gmt":"2020-03-12T19:46:32","slug":"armstrong-importante-incremento-en-la-cuota-mensual-de-f-a-e","status":"publish","type":"post","link":"https:\/\/armstrongyregion.com.ar\/diario\/armstrong-importante-incremento-en-la-cuota-mensual-de-f-a-e\/","title":{"rendered":"Armstrong. Importante incremento en la cuota mensual de F.A.E."},"content":{"rendered":"\n<figure class=\"wp-block-image size-large\"><img loading=\"lazy\" decoding=\"async\" width=\"768\" height=\"576\" src=\"http:\/\/armstrongyregion.com.ar\/diario\/wp-content\/uploads\/2020\/03\/foto_fae_marzo.jpg\" alt=\"\" class=\"wp-image-25091\" srcset=\"https:\/\/armstrongyregion.com.ar\/diario\/wp-content\/uploads\/2020\/03\/foto_fae_marzo.jpg 768w, https:\/\/armstrongyregion.com.ar\/diario\/wp-content\/uploads\/2020\/03\/foto_fae_marzo-300x225.jpg 300w\" sizes=\"auto, (max-width: 768px) 100vw, 768px\" \/><\/figure>\n\n\n\n<p>El martes 10 de marzo una importante concurrencia de directivos, docentes y cooperadores se dio cita en el sal\u00f3n San Mart\u00edn de la Municipalidad de Armstrong cuando el Intendente Dr. Pablo Verdecchia anunci\u00f3 un incremento en la cuota del F.A.E. del 47 %, elevando as\u00ed el monto mensual a $ 25.000 para cada una de las escuelas y Biblioteca Popular Sarmiento.<\/p>\n\n\n\n<p>A pedido de sus directivos, se hizo una entrega anticipada de $ 129.412 de los meses de abril, mayo y junio a la Escuela N\u00b0 51 para la construcci\u00f3n del aula dada la necesidad por la matr\u00edcula de 5\u00b0 a\u00f1o.<\/p>\n\n\n\n<p>La Escuela N\u00b0 33 recibi\u00f3 F.A.E. extraordinario de $ 44.505 para sus niveles inicial y primario destinados a refacciones y arreglos en general.<\/p>\n\n\n\n<p>La Escuela N\u00b0 600 recibi\u00f3 $ 48.529 debido a que en su edificio funciona tambi\u00e9n el CEPA N\u00b0 91.<\/p>\n\n\n\n<p>En esta reuni\u00f3n, las autoridades entregaron un total de $ 416.564 por cuota del mes de marzo con el aumento correspondiente y el extraordinario.<\/p>\n\n\n\n<p>Tal lo manifestado por el Dr. Verdecchia en la apertura de sesiones ordinarias del Concejo Municipal, contin\u00faan cumpliendo con transparencia, responsabilidad y en tiempo y forma en el apoyo a las instituciones educativas, acompa\u00f1ando en los proyectos de mejoras que cada una plantea.<\/p>\n\n\n\n<p>En 2019, se entregaron $ 2.454.400 de aportes de este Fondo de Asistencia Educativa.<\/p>\n\n\n\n<p>Asimismo, se acompa\u00f1\u00f3 a estudiantes con la entrega de becas y ayudas educativas mensuales, a trav\u00e9s del Instituto Becario, en 2019 con aportes por $ 756.300 sumando m\u00e1s de 800 becas entregadas en los \u00faltimos 10 a\u00f1os.<\/p>\n\n\n\n<p>Como tambi\u00e9n se colabor\u00f3 con deportistas mediante la entrega de Becas Deportivas, con aportes mensuales entregados por un total de $ 245.658 durante el 2019, y para este 2020 se proyecta un fondo de $ 319.400.<\/p>\n","protected":false},"excerpt":{"rendered":"<p>Armstrong. Importante incremento en la cuota mensual de F.A.E.<\/p>\n","protected":false},"author":1,"featured_media":25091,"comment_status":"open","ping_status":"open","sticky":false,"template":"","format":"image","meta":{"_jetpack_memberships_contains_paid_content":false,"footnotes":"","jetpack_publicize_message":"","jetpack_publicize_feature_enabled":true,"jetpack_social_post_already_shared":true,"jetpack_social_options":{"image_generator_settings":{"template":"highway","default_image_id":0,"enabled":false},"version":2}},"categories":[6,8,1,2,7],"tags":[],"class_list":["post-25090","post","type-post","status-publish","format-image","has-post-thumbnail","hentry","category-cultura-entretenimiento","category-deliberando","category-diario-armstrong","category-locales","category-politica","post_format-post-format-image"],"jetpack_publicize_connections":[],"jetpack_featured_media_url":"https:\/\/armstrongyregion.com.ar\/diario\/wp-content\/uploads\/2020\/03\/foto_fae_marzo.jpg","jetpack_shortlink":"https:\/\/wp.me\/p62QDO-6wG","jetpack_sharing_enabled":true,"amp_enabled":true,"_links":{"self":[{"href":"https:\/\/armstrongyregion.com.ar\/diario\/wp-json\/wp\/v2\/posts\/25090","targetHints":{"allow":["GET"]}}],"collection":[{"href":"https:\/\/armstrongyregion.com.ar\/diario\/wp-json\/wp\/v2\/posts"}],"about":[{"href":"https:\/\/armstrongyregion.com.ar\/diario\/wp-json\/wp\/v2\/types\/post"}],"author":[{"embeddable":true,"href":"https:\/\/armstrongyregion.com.ar\/diario\/wp-json\/wp\/v2\/users\/1"}],"replies":[{"embeddable":true,"href":"https:\/\/armstrongyregion.com.ar\/diario\/wp-json\/wp\/v2\/comments?post=25090"}],"version-history":[{"count":1,"href":"https:\/\/armstrongyregion.com.ar\/diario\/wp-json\/wp\/v2\/posts\/25090\/revisions"}],"predecessor-version":[{"id":25092,"href":"https:\/\/armstrongyregion.com.ar\/diario\/wp-json\/wp\/v2\/posts\/25090\/revisions\/25092"}],"wp:featuredmedia":[{"embeddable":true,"href":"https:\/\/armstrongyregion.com.ar\/diario\/wp-json\/wp\/v2\/media\/25091"}],"wp:attachment":[{"href":"https:\/\/armstrongyregion.com.ar\/diario\/wp-json\/wp\/v2\/media?parent=25090"}],"wp:term":[{"taxonomy":"category","embeddable":true,"href":"https:\/\/armstrongyregion.com.ar\/diario\/wp-json\/wp\/v2\/categories?post=25090"},{"taxonomy":"post_tag","embeddable":true,"href":"https:\/\/armstrongyregion.com.ar\/diario\/wp-json\/wp\/v2\/tags?post=25090"}],"curies":[{"name":"wp","href":"https:\/\/api.w.org\/{rel}","templated":true}]}}