{"id":25087,"date":"2020-03-12T19:44:47","date_gmt":"2020-03-12T19:44:47","guid":{"rendered":"https:\/\/armstrongyregion.com.ar\/diario\/?p=25087"},"modified":"2020-03-12T19:44:54","modified_gmt":"2020-03-12T19:44:54","slug":"el-gobernador-omar-perotti-firmo-el-decreto-por-el-cual-santa-fe-adopta-las-medidas-aconsejadas-por-el-ministerio-de-salud-de-la-nacion","status":"publish","type":"post","link":"https:\/\/armstrongyregion.com.ar\/diario\/el-gobernador-omar-perotti-firmo-el-decreto-por-el-cual-santa-fe-adopta-las-medidas-aconsejadas-por-el-ministerio-de-salud-de-la-nacion\/","title":{"rendered":"El gobernador Omar Perotti firm\u00f3 el decreto por el cual Santa Fe adopta las medidas aconsejadas por el Ministerio de Salud de la Naci\u00f3n."},"content":{"rendered":"\n<figure class=\"wp-block-image size-large\"><img loading=\"lazy\" decoding=\"async\" width=\"768\" height=\"432\" src=\"http:\/\/armstrongyregion.com.ar\/diario\/wp-content\/uploads\/2020\/03\/Perotti-con-Gines-y-Parola.jpeg\" alt=\"\" class=\"wp-image-25088\" srcset=\"https:\/\/armstrongyregion.com.ar\/diario\/wp-content\/uploads\/2020\/03\/Perotti-con-Gines-y-Parola.jpeg 768w, https:\/\/armstrongyregion.com.ar\/diario\/wp-content\/uploads\/2020\/03\/Perotti-con-Gines-y-Parola-300x169.jpeg 300w\" sizes=\"auto, (max-width: 768px) 100vw, 768px\" \/><\/figure>\n\n\n\n<h2 class=\"wp-block-heading\">Para prevenir la propagaci\u00f3n del coronavirus la provincia otorgar\u00e1 licencia excepcional de 14 d\u00edas a los trabajadores que hayan viajado recientemente al extranjero<\/h2>\n\n\n\n<p><em>El gobernador Omar Perotti firm\u00f3 el decreto por el cual Santa Fe adopta las medidas aconsejadas por el Ministerio de Salud de la Naci\u00f3n.<\/em><\/p>\n\n\n\n<p>El gobernador Omar Perotti firm\u00f3 este mi\u00e9rcoles el decreto N\u00b0 0202 por el cual se otorga una licencia de 14 d\u00edas a los trabajadores de la administraci\u00f3n p\u00fablica provincial que recientemente hayan viajado al extranjero, adoptando as\u00ed las medidas aconsejadas por el Ministerio de Salud de la Naci\u00f3n para prevenir la propagaci\u00f3n del coronavirus (Covid 19).<\/p>\n\n\n\n<p>El Art\u00edculo 1\u00b0 de la normativa indica que se otorgar\u00e1 una \u00ablicencia excepcional a todos aquellos trabajadores y trabajadoras del sector p\u00fablico provincial, cualquiera sea su situaci\u00f3n de revista y r\u00e9gimen escalafonario, estatutario o convenio colectivo de trabajo aplicable que habiendo ingresado al pa\u00eds desde el exterior, en forma voluntaria u obligatoria permanezcan en sus hogares por el t\u00e9rmino de 14 d\u00edas corridos\u00bb.<\/p>\n\n\n\n<p>En los art\u00edculos sucesivos, el decreto indica que esta licencia \u00abno afectar\u00e1 la percepci\u00f3n de remuneraciones\u00bb, y esos 14 d\u00edas no ser\u00e1n computados \u00aba los fines de considerar toda otra (licencia) prevista normativa o convencionalmente\u00bb.<\/p>\n\n\n\n<p>Asimismo, el documento firmado por el gobernador faculta a los ministerios de Educaci\u00f3n y de Cultura de la provincia \u00aba justificar las inasistencias en las que incurran, por los mismos motivos, los alumnos de los establecimientos escolares de su dependencia, de todos los niveles y modalidades\u00bb.<\/p>\n\n\n\n<p>Por \u00faltimo, \u00abse invita a los poderes Legislativo y Judicial y a los municipios y comunas de la provincia a adoptar disposiciones similares\u00bb.<\/p>\n","protected":false},"excerpt":{"rendered":"<p>El gobernador Omar Perotti firm\u00f3 el decreto por el cual Santa Fe adopta las medidas aconsejadas por el Ministerio de Salud de la Naci\u00f3n.<\/p>\n","protected":false},"author":1,"featured_media":25088,"comment_status":"open","ping_status":"open","sticky":false,"template":"","format":"image","meta":{"_jetpack_memberships_contains_paid_content":false,"footnotes":"","jetpack_publicize_message":"","jetpack_publicize_feature_enabled":true,"jetpack_social_post_already_shared":true,"jetpack_social_options":{"image_generator_settings":{"template":"highway","default_image_id":0,"enabled":false},"version":2}},"categories":[8,1,2,7,4,3],"tags":[],"class_list":["post-25087","post","type-post","status-publish","format-image","has-post-thumbnail","hentry","category-deliberando","category-diario-armstrong","category-locales","category-politica","category-prevencion-salud","category-region","post_format-post-format-image"],"jetpack_publicize_connections":[],"jetpack_featured_media_url":"https:\/\/armstrongyregion.com.ar\/diario\/wp-content\/uploads\/2020\/03\/Perotti-con-Gines-y-Parola.jpeg","jetpack_shortlink":"https:\/\/wp.me\/p62QDO-6wD","jetpack_sharing_enabled":true,"amp_enabled":true,"_links":{"self":[{"href":"https:\/\/armstrongyregion.com.ar\/diario\/wp-json\/wp\/v2\/posts\/25087","targetHints":{"allow":["GET"]}}],"collection":[{"href":"https:\/\/armstrongyregion.com.ar\/diario\/wp-json\/wp\/v2\/posts"}],"about":[{"href":"https:\/\/armstrongyregion.com.ar\/diario\/wp-json\/wp\/v2\/types\/post"}],"author":[{"embeddable":true,"href":"https:\/\/armstrongyregion.com.ar\/diario\/wp-json\/wp\/v2\/users\/1"}],"replies":[{"embeddable":true,"href":"https:\/\/armstrongyregion.com.ar\/diario\/wp-json\/wp\/v2\/comments?post=25087"}],"version-history":[{"count":1,"href":"https:\/\/armstrongyregion.com.ar\/diario\/wp-json\/wp\/v2\/posts\/25087\/revisions"}],"predecessor-version":[{"id":25089,"href":"https:\/\/armstrongyregion.com.ar\/diario\/wp-json\/wp\/v2\/posts\/25087\/revisions\/25089"}],"wp:featuredmedia":[{"embeddable":true,"href":"https:\/\/armstrongyregion.com.ar\/diario\/wp-json\/wp\/v2\/media\/25088"}],"wp:attachment":[{"href":"https:\/\/armstrongyregion.com.ar\/diario\/wp-json\/wp\/v2\/media?parent=25087"}],"wp:term":[{"taxonomy":"category","embeddable":true,"href":"https:\/\/armstrongyregion.com.ar\/diario\/wp-json\/wp\/v2\/categories?post=25087"},{"taxonomy":"post_tag","embeddable":true,"href":"https:\/\/armstrongyregion.com.ar\/diario\/wp-json\/wp\/v2\/tags?post=25087"}],"curies":[{"name":"wp","href":"https:\/\/api.w.org\/{rel}","templated":true}]}}