{"id":25070,"date":"2020-03-11T13:35:14","date_gmt":"2020-03-11T13:35:14","guid":{"rendered":"https:\/\/armstrongyregion.com.ar\/diario\/?p=25070"},"modified":"2020-03-11T13:35:23","modified_gmt":"2020-03-11T13:35:23","slug":"armstrong-sabores-y-colores-locales-este-domingo-15","status":"publish","type":"post","link":"https:\/\/armstrongyregion.com.ar\/diario\/armstrong-sabores-y-colores-locales-este-domingo-15\/","title":{"rendered":"Armstrong. Sabores y Colores Locales, este domingo 15."},"content":{"rendered":"\n<figure class=\"wp-block-image size-large\"><img loading=\"lazy\" decoding=\"async\" width=\"768\" height=\"575\" src=\"http:\/\/armstrongyregion.com.ar\/diario\/wp-content\/uploads\/2020\/03\/feria_marzo_2020.jpg\" alt=\"\" class=\"wp-image-25071\" srcset=\"https:\/\/armstrongyregion.com.ar\/diario\/wp-content\/uploads\/2020\/03\/feria_marzo_2020.jpg 768w, https:\/\/armstrongyregion.com.ar\/diario\/wp-content\/uploads\/2020\/03\/feria_marzo_2020-300x225.jpg 300w\" sizes=\"auto, (max-width: 768px) 100vw, 768px\" \/><\/figure>\n\n\n\n<p>La Municipalidad de Armstrong invita a participar de la feria mensual de Sabores y Colores Locales que se realizar\u00e1 el domingo 15 de marzo desde las 15:30 hs. en el paseo artesanal del parque recreativo Bracito Fuerte.<\/p>\n\n\n\n<p>Emprendedores de nuestra ciudad y de la regi\u00f3n estar\u00e1n exponiendo su amplia variedad productos elaborados de manera artesanal, adem\u00e1s habr\u00e1 m\u00fasica, sorteos y servicio de buffet.<\/p>\n\n\n\n<p>En esta oportunidad se presentar\u00e1 la obra de teatro \u201cMisi\u00f3n \u00c1rbol\u201d, a cargo de un grupo de la ciudad de Carcara\u00f1\u00e1 denominado The Rufianes.<\/p>\n\n\n\n<p>Se suspende en caso de lluvia.<\/p>\n","protected":false},"excerpt":{"rendered":"<p>La Municipalidad de Armstrong invita a participar de la feria mensual de Sabores y Colores Locales que se realizar\u00e1 el domingo 15 de marzo desde las 15:30 hs. en el paseo artesanal del parque recreativo Bracito Fuerte. Emprendedores de nuestra ciudad y de la regi\u00f3n estar\u00e1n exponiendo su amplia variedad productos elaborados de manera artesanal, <a href=\"https:\/\/armstrongyregion.com.ar\/diario\/armstrong-sabores-y-colores-locales-este-domingo-15\/\" title=\"Read more\" >&#8230;<\/a><\/p>\n","protected":false},"author":1,"featured_media":25071,"comment_status":"open","ping_status":"open","sticky":false,"template":"","format":"image","meta":{"_jetpack_memberships_contains_paid_content":false,"footnotes":"","jetpack_publicize_message":"","jetpack_publicize_feature_enabled":true,"jetpack_social_post_already_shared":true,"jetpack_social_options":{"image_generator_settings":{"template":"highway","default_image_id":0,"enabled":false},"version":2}},"categories":[6,8,1,2],"tags":[],"class_list":["post-25070","post","type-post","status-publish","format-image","has-post-thumbnail","hentry","category-cultura-entretenimiento","category-deliberando","category-diario-armstrong","category-locales","post_format-post-format-image"],"jetpack_publicize_connections":[],"jetpack_featured_media_url":"https:\/\/armstrongyregion.com.ar\/diario\/wp-content\/uploads\/2020\/03\/feria_marzo_2020.jpg","jetpack_shortlink":"https:\/\/wp.me\/p62QDO-6wm","jetpack_sharing_enabled":true,"amp_enabled":true,"_links":{"self":[{"href":"https:\/\/armstrongyregion.com.ar\/diario\/wp-json\/wp\/v2\/posts\/25070","targetHints":{"allow":["GET"]}}],"collection":[{"href":"https:\/\/armstrongyregion.com.ar\/diario\/wp-json\/wp\/v2\/posts"}],"about":[{"href":"https:\/\/armstrongyregion.com.ar\/diario\/wp-json\/wp\/v2\/types\/post"}],"author":[{"embeddable":true,"href":"https:\/\/armstrongyregion.com.ar\/diario\/wp-json\/wp\/v2\/users\/1"}],"replies":[{"embeddable":true,"href":"https:\/\/armstrongyregion.com.ar\/diario\/wp-json\/wp\/v2\/comments?post=25070"}],"version-history":[{"count":1,"href":"https:\/\/armstrongyregion.com.ar\/diario\/wp-json\/wp\/v2\/posts\/25070\/revisions"}],"predecessor-version":[{"id":25072,"href":"https:\/\/armstrongyregion.com.ar\/diario\/wp-json\/wp\/v2\/posts\/25070\/revisions\/25072"}],"wp:featuredmedia":[{"embeddable":true,"href":"https:\/\/armstrongyregion.com.ar\/diario\/wp-json\/wp\/v2\/media\/25071"}],"wp:attachment":[{"href":"https:\/\/armstrongyregion.com.ar\/diario\/wp-json\/wp\/v2\/media?parent=25070"}],"wp:term":[{"taxonomy":"category","embeddable":true,"href":"https:\/\/armstrongyregion.com.ar\/diario\/wp-json\/wp\/v2\/categories?post=25070"},{"taxonomy":"post_tag","embeddable":true,"href":"https:\/\/armstrongyregion.com.ar\/diario\/wp-json\/wp\/v2\/tags?post=25070"}],"curies":[{"name":"wp","href":"https:\/\/api.w.org\/{rel}","templated":true}]}}