{"id":25057,"date":"2020-03-11T11:00:57","date_gmt":"2020-03-11T11:00:57","guid":{"rendered":"https:\/\/armstrongyregion.com.ar\/diario\/?p=25057"},"modified":"2020-03-11T11:01:04","modified_gmt":"2020-03-11T11:01:04","slug":"perotti-en-expoagro-esta-muestra-es-un-lugar-de-trabajo-venta-y-vinculacion-para-la-provincia-de-santa-fe","status":"publish","type":"post","link":"https:\/\/armstrongyregion.com.ar\/diario\/perotti-en-expoagro-esta-muestra-es-un-lugar-de-trabajo-venta-y-vinculacion-para-la-provincia-de-santa-fe\/","title":{"rendered":"Perotti en Expoagro: \u201cEsta muestra es un lugar de trabajo, venta y vinculaci\u00f3n para la provincia de Santa Fe\u201d"},"content":{"rendered":"\n<figure class=\"wp-block-image size-large\"><img loading=\"lazy\" decoding=\"async\" width=\"768\" height=\"569\" src=\"http:\/\/armstrongyregion.com.ar\/diario\/wp-content\/uploads\/2020\/03\/Perotti-expoagro-3.jpg\" alt=\"\" class=\"wp-image-25058\" srcset=\"https:\/\/armstrongyregion.com.ar\/diario\/wp-content\/uploads\/2020\/03\/Perotti-expoagro-3.jpg 768w, https:\/\/armstrongyregion.com.ar\/diario\/wp-content\/uploads\/2020\/03\/Perotti-expoagro-3-300x222.jpg 300w\" sizes=\"auto, (max-width: 768px) 100vw, 768px\" \/><\/figure>\n\n\n\n<p><em>\u201cAqu\u00ed es donde queremos que nuestros fabricantes de maquinaria agr\u00edcola levanten pedidos para poder producir y llevar trabajo a cada uno de nuestros pueblos y nuestras ciudades\u201d, subray\u00f3 el gobernador.<\/em><\/p>\n\n\n\n<p>De visita en la decimocuarta edici\u00f3n de la muestra Expoagro, que se lleva a cabo en la ciudad de San Nicol\u00e1s, el gobernador Omar Perotti resalt\u00f3 que \u201cesta muestra es un lugar de trabajo y venta para la provincia de Santa Fe, de vinculaci\u00f3n con nuestro sector cient\u00edfico tecnol\u00f3gico. Aqu\u00ed es donde queremos que nuestros fabricantes de maquinaria agr\u00edcola vengan a levantar pedidos, para poder producir y llevar trabajo a cada uno de nuestros pueblos y nuestras ciudades, en cada rinc\u00f3n del territorio santafesino\u201d.<\/p>\n\n\n\n<figure class=\"wp-block-image size-large\"><img loading=\"lazy\" decoding=\"async\" width=\"768\" height=\"559\" src=\"http:\/\/armstrongyregion.com.ar\/diario\/wp-content\/uploads\/2020\/03\/Perotti-expoagro-2.jpg\" alt=\"\" class=\"wp-image-25059\" srcset=\"https:\/\/armstrongyregion.com.ar\/diario\/wp-content\/uploads\/2020\/03\/Perotti-expoagro-2.jpg 768w, https:\/\/armstrongyregion.com.ar\/diario\/wp-content\/uploads\/2020\/03\/Perotti-expoagro-2-300x218.jpg 300w\" sizes=\"auto, (max-width: 768px) 100vw, 768px\" \/><\/figure>\n\n\n\n<p>En consonancia, el mandatario -que particip\u00f3 del corte de cinta oficial, dialog\u00f3 con cient\u00edficos santafesinos, recorri\u00f3 stands y mantuvo una serie de encuentros con diferentes expositores-, subray\u00f3: \u201cEl 40 por ciento de la superficie de esta muestra es de la provincia de Santa Fe. M\u00e1s de 130 expositores de nuestra provincia est\u00e1n con esa expectativa\u201d.<\/p>\n\n\n\n<p>En rueda de prensa, el gobernador asegur\u00f3 adem\u00e1s que \u201cla provincia est\u00e1 acompa\u00f1ando a nuestras empresas para que puedan generar ventas, sumado al Nuevo Banco de Santa Fe y a los fabricantes de maquinaria, con la posibilidad de poner en marcha una nueva l\u00ednea de financiamiento de 3.000 millones de pesos para volcar a la econom\u00eda de la provincia\u201d.<\/p>\n\n\n\n<p>Y remarc\u00f3 que dicha iniciativa busca \u201creacomodar las tasas en sinton\u00eda con la baja que se est\u00e1 consiguiendo a nivel nacional, con una fuerte participaci\u00f3n del Nuevo Banco de Santa Fe, de la Asociaci\u00f3n de Industriales de Maquinarias Agr\u00edcolas y del gobierno de la provincia; todos juntos con una misma estrategia: lograr una tasa muy competitiva para los productores santafesinos, que beneficiar\u00e1 tambi\u00e9n a los fabricantes santafesinos\u201d.<\/p>\n\n\n\n<p>Finalmente, Perotti remarc\u00f3: \u201cVinimos a trabajar a una muestra que es una vidriera muy importante para el sector en un momento en el que los industriales de la maquinaria agr\u00edcola y l\u00e1ctea est\u00e1n necesitando ventas y nuestra gente est\u00e1 necesitando un futuro un horizonte para sus empresas que otorguen garant\u00eda de trabajo a los santafesinos\u201d.<br><\/p>\n","protected":false},"excerpt":{"rendered":"<p>Perotti en Expoagro: \u201cEsta muestra es un lugar de trabajo, venta y vinculaci\u00f3n para la provincia de Santa Fe\u201d<\/p>\n","protected":false},"author":1,"featured_media":25058,"comment_status":"open","ping_status":"open","sticky":false,"template":"","format":"image","meta":{"_jetpack_memberships_contains_paid_content":false,"footnotes":"","jetpack_publicize_message":"","jetpack_publicize_feature_enabled":true,"jetpack_social_post_already_shared":true,"jetpack_social_options":{"image_generator_settings":{"template":"highway","default_image_id":0,"enabled":false},"version":2}},"categories":[8,1,2,7],"tags":[],"class_list":["post-25057","post","type-post","status-publish","format-image","has-post-thumbnail","hentry","category-deliberando","category-diario-armstrong","category-locales","category-politica","post_format-post-format-image"],"jetpack_publicize_connections":[],"jetpack_featured_media_url":"https:\/\/armstrongyregion.com.ar\/diario\/wp-content\/uploads\/2020\/03\/Perotti-expoagro-3.jpg","jetpack_shortlink":"https:\/\/wp.me\/p62QDO-6w9","jetpack_sharing_enabled":true,"amp_enabled":true,"_links":{"self":[{"href":"https:\/\/armstrongyregion.com.ar\/diario\/wp-json\/wp\/v2\/posts\/25057","targetHints":{"allow":["GET"]}}],"collection":[{"href":"https:\/\/armstrongyregion.com.ar\/diario\/wp-json\/wp\/v2\/posts"}],"about":[{"href":"https:\/\/armstrongyregion.com.ar\/diario\/wp-json\/wp\/v2\/types\/post"}],"author":[{"embeddable":true,"href":"https:\/\/armstrongyregion.com.ar\/diario\/wp-json\/wp\/v2\/users\/1"}],"replies":[{"embeddable":true,"href":"https:\/\/armstrongyregion.com.ar\/diario\/wp-json\/wp\/v2\/comments?post=25057"}],"version-history":[{"count":1,"href":"https:\/\/armstrongyregion.com.ar\/diario\/wp-json\/wp\/v2\/posts\/25057\/revisions"}],"predecessor-version":[{"id":25060,"href":"https:\/\/armstrongyregion.com.ar\/diario\/wp-json\/wp\/v2\/posts\/25057\/revisions\/25060"}],"wp:featuredmedia":[{"embeddable":true,"href":"https:\/\/armstrongyregion.com.ar\/diario\/wp-json\/wp\/v2\/media\/25058"}],"wp:attachment":[{"href":"https:\/\/armstrongyregion.com.ar\/diario\/wp-json\/wp\/v2\/media?parent=25057"}],"wp:term":[{"taxonomy":"category","embeddable":true,"href":"https:\/\/armstrongyregion.com.ar\/diario\/wp-json\/wp\/v2\/categories?post=25057"},{"taxonomy":"post_tag","embeddable":true,"href":"https:\/\/armstrongyregion.com.ar\/diario\/wp-json\/wp\/v2\/tags?post=25057"}],"curies":[{"name":"wp","href":"https:\/\/api.w.org\/{rel}","templated":true}]}}