{"id":25039,"date":"2020-03-10T12:24:54","date_gmt":"2020-03-10T12:24:54","guid":{"rendered":"https:\/\/armstrongyregion.com.ar\/diario\/?p=25039"},"modified":"2020-03-10T12:25:01","modified_gmt":"2020-03-10T12:25:01","slug":"canada-de-gomez-realizan-capacitacion-en-prevencion-de-coronavirus-dengue-zica-y-chikuhunya","status":"publish","type":"post","link":"https:\/\/armstrongyregion.com.ar\/diario\/canada-de-gomez-realizan-capacitacion-en-prevencion-de-coronavirus-dengue-zica-y-chikuhunya\/","title":{"rendered":"Ca\u00f1ada de Gomez. Realizan capacitaci\u00f3n en prevenci\u00f3n de Coronavirus, Dengue, Zica y Chikuhunya"},"content":{"rendered":"\n<figure class=\"wp-block-image size-large\"><img loading=\"lazy\" decoding=\"async\" width=\"768\" height=\"535\" src=\"http:\/\/armstrongyregion.com.ar\/diario\/wp-content\/uploads\/2020\/03\/Clerici_Rodriguez_invitaci\u00f2n-Capacitaci\u00f2n_09_03_20.jpg\" alt=\"\" class=\"wp-image-25040\" srcset=\"https:\/\/armstrongyregion.com.ar\/diario\/wp-content\/uploads\/2020\/03\/Clerici_Rodriguez_invitaci\u00f2n-Capacitaci\u00f2n_09_03_20.jpg 768w, https:\/\/armstrongyregion.com.ar\/diario\/wp-content\/uploads\/2020\/03\/Clerici_Rodriguez_invitaci\u00f2n-Capacitaci\u00f2n_09_03_20-300x209.jpg 300w\" sizes=\"auto, (max-width: 768px) 100vw, 768px\" \/><\/figure>\n\n\n\n<p><strong>Municipio y Hospital San Jos\u00e9 intensifican medidas preventivas conjuntas. En la tarde del lunes realizar\u00e1n una capacitaci\u00f3n abierta a la poblaci\u00f3n e&nbsp;instituciones, que tendr\u00e1 lugar a las 19 hs. en Auditorio Santa Cecilia.<\/strong><\/p>\n\n\n\n<p>La Municipalidad de Ca\u00f1ada de G\u00f3mez y el Hospital Provincial San Jos\u00e9 impulsan una capacitaci\u00f3n en medidas de prevenci\u00f3n sobre coronavirus, dengue, zika y chikungunya, que tendr\u00e1 lugar este lunes a las 19 hs. en Auditorio Santa Cecilia.<\/p>\n\n\n\n<p>Al respecto la intendenta Stella Cl\u00e9rici inform\u00f3 que \u201csi bien ya se vienen realizando acciones coordinadas desde los distintos programas municipales, esta es una instancia para intensificar el trabajo conjunto entre todas las instituciones de la ciudad\u201d. Por su parte, el director del hospital San Jos\u00e9, Gonzalo Rodriguez, puntualiz\u00f3: \u201cesta capacitaci\u00f3n busca brindar herramientas a las instituciones, medidas preventivas y pautas muy claras, que lleven tranquilidad a la poblaci\u00f3n a partir de buena informaci\u00f3n\u201d.<\/p>\n\n\n\n<p>Cabe informar que d\u00edas atr\u00e1s el responsable del efector de salud particip\u00f3 junto a otros funcionarios provinciales de un encuentro del comit\u00e9 preventivo de coronoavirus, que tuvo lugar en sede de gobierno. \u201cQueremos hacer una puesta en com\u00fan y difundir toda la informaci\u00f3n necesaria abordada en este encuentro\u201d, enfatiz\u00f3 Rodriguez.<\/p>\n","protected":false},"excerpt":{"rendered":"<p>Ca\u00f1ada de Gomez. Realizan capacitaci\u00f3n en prevenci\u00f3n de Coronavirus, Dengue, Zica y Chikuhunya<\/p>\n","protected":false},"author":1,"featured_media":25040,"comment_status":"open","ping_status":"open","sticky":false,"template":"","format":"image","meta":{"_jetpack_memberships_contains_paid_content":false,"footnotes":"","jetpack_publicize_message":"","jetpack_publicize_feature_enabled":true,"jetpack_social_post_already_shared":true,"jetpack_social_options":{"image_generator_settings":{"template":"highway","default_image_id":0,"enabled":false},"version":2}},"categories":[8,1,4,3],"tags":[],"class_list":["post-25039","post","type-post","status-publish","format-image","has-post-thumbnail","hentry","category-deliberando","category-diario-armstrong","category-prevencion-salud","category-region","post_format-post-format-image"],"jetpack_publicize_connections":[],"jetpack_featured_media_url":"https:\/\/armstrongyregion.com.ar\/diario\/wp-content\/uploads\/2020\/03\/Clerici_Rodriguez_invitaci\u00f2n-Capacitaci\u00f2n_09_03_20.jpg","jetpack_shortlink":"https:\/\/wp.me\/p62QDO-6vR","jetpack_sharing_enabled":true,"amp_enabled":true,"_links":{"self":[{"href":"https:\/\/armstrongyregion.com.ar\/diario\/wp-json\/wp\/v2\/posts\/25039","targetHints":{"allow":["GET"]}}],"collection":[{"href":"https:\/\/armstrongyregion.com.ar\/diario\/wp-json\/wp\/v2\/posts"}],"about":[{"href":"https:\/\/armstrongyregion.com.ar\/diario\/wp-json\/wp\/v2\/types\/post"}],"author":[{"embeddable":true,"href":"https:\/\/armstrongyregion.com.ar\/diario\/wp-json\/wp\/v2\/users\/1"}],"replies":[{"embeddable":true,"href":"https:\/\/armstrongyregion.com.ar\/diario\/wp-json\/wp\/v2\/comments?post=25039"}],"version-history":[{"count":1,"href":"https:\/\/armstrongyregion.com.ar\/diario\/wp-json\/wp\/v2\/posts\/25039\/revisions"}],"predecessor-version":[{"id":25041,"href":"https:\/\/armstrongyregion.com.ar\/diario\/wp-json\/wp\/v2\/posts\/25039\/revisions\/25041"}],"wp:featuredmedia":[{"embeddable":true,"href":"https:\/\/armstrongyregion.com.ar\/diario\/wp-json\/wp\/v2\/media\/25040"}],"wp:attachment":[{"href":"https:\/\/armstrongyregion.com.ar\/diario\/wp-json\/wp\/v2\/media?parent=25039"}],"wp:term":[{"taxonomy":"category","embeddable":true,"href":"https:\/\/armstrongyregion.com.ar\/diario\/wp-json\/wp\/v2\/categories?post=25039"},{"taxonomy":"post_tag","embeddable":true,"href":"https:\/\/armstrongyregion.com.ar\/diario\/wp-json\/wp\/v2\/tags?post=25039"}],"curies":[{"name":"wp","href":"https:\/\/api.w.org\/{rel}","templated":true}]}}