{"id":25034,"date":"2020-03-09T12:09:14","date_gmt":"2020-03-09T12:09:14","guid":{"rendered":"https:\/\/armstrongyregion.com.ar\/diario\/?p=25034"},"modified":"2020-03-09T12:09:23","modified_gmt":"2020-03-09T12:09:23","slug":"cornaglia-anuncio-que-el-lunes-comienza-la-inscripcion-al-boleto-educativo-gratuito","status":"publish","type":"post","link":"https:\/\/armstrongyregion.com.ar\/diario\/cornaglia-anuncio-que-el-lunes-comienza-la-inscripcion-al-boleto-educativo-gratuito\/","title":{"rendered":"Cornaglia anunci\u00f3 que el lunes comienza la inscripci\u00f3n al boleto educativo gratuito"},"content":{"rendered":"\n\n\n<p><\/p>\n\n\n\n<p>El legislador por el departamento Belgrano inform\u00f3 que esta primera etapa incluye el transporte interurbano y rural para estudiantes, docentes y asistentes escolares.*<\/p>\n\n\n\n<p>El senador provincial Guillermo Corniaglia extendi\u00f3 el anuncio sobre la apertura el lunes 9 de marzo de la inscripci\u00f3n al beneficio del Boleto Educativo Gratuito, realizado esta semana por el gobernador de Santa Fe, Omar Perotti, y el secretario de Transporte de la Provincia, Osvaldo Miatello. \u00abLa \u00fanica v\u00eda de inscripci\u00f3n ser\u00e1 la p\u00e1gina web&nbsp;<a href=\"http:\/\/www.santafe.gob.ar\/\" rel=\"noreferrer noopener\" target=\"_blank\">www.santafe.gob.ar<\/a>, donde hay que seguir los pasos que se sugieren, ya que van a aparecer el medio boleto, que ya est\u00e1 funcionando, y el boleto gratuito\u00bb, explic\u00f3 Cornaglia.<\/p>\n\n\n\n<p>El legislador por el departamento Belgrano pudo adelantar que en esta primera etapa se estima que est\u00e1n en condiciones de percibir el beneficio alrededor de 118 mil personas en toda la provincia, ya que la medida incluye a estudiantes de educaci\u00f3n primaria, preprimaria, secundaria, terciaria, especial y de universidades nacionales, as\u00ed como a todos los docentes, personal administrativo y no docente provinciales.<\/p>\n\n\n\n<p>Cornaglia agreg\u00f3 que aquellas personas que viven a una distancia de hasta 60 kil\u00f3metros del lugar donde estudian van a tener dos boletos gratuitos diarios los d\u00edas h\u00e1biles y durante el per\u00edodo escolar, mientras que quienes lo hagan a m\u00e1s de 60 kil\u00f3metros tendr\u00e1n dos boletos mensuales gratuitos para viajar hacia sus lugares de residencia. \u201cAdem\u00e1s, sigue en vigencia el Medio Boleto Interurbano. Es decir que, utilizados los dos boletos diarios del boleto educativo gratuito, la persona podr\u00e1 usar el medio boleto\u201d, aclar\u00f3.\n\n<\/p>\n","protected":false},"excerpt":{"rendered":"<p>El legislador por el departamento Belgrano inform\u00f3 que esta primera etapa incluye el transporte interurbano y rural para estudiantes, docentes y asistentes escolares.* El senador provincial Guillermo Corniaglia extendi\u00f3 el anuncio sobre la apertura el lunes 9 de marzo de la inscripci\u00f3n al beneficio del Boleto Educativo Gratuito, realizado esta semana por el gobernador de <a href=\"https:\/\/armstrongyregion.com.ar\/diario\/cornaglia-anuncio-que-el-lunes-comienza-la-inscripcion-al-boleto-educativo-gratuito\/\" title=\"Read more\" >&#8230;<\/a><\/p>\n","protected":false},"author":2,"featured_media":25036,"comment_status":"open","ping_status":"open","sticky":false,"template":"","format":"image","meta":{"_jetpack_memberships_contains_paid_content":false,"footnotes":"","jetpack_publicize_message":"","jetpack_publicize_feature_enabled":true,"jetpack_social_post_already_shared":true,"jetpack_social_options":{"image_generator_settings":{"template":"highway","default_image_id":0,"enabled":false},"version":2}},"categories":[1],"tags":[],"class_list":["post-25034","post","type-post","status-publish","format-image","has-post-thumbnail","hentry","category-diario-armstrong","post_format-post-format-image"],"jetpack_publicize_connections":[],"jetpack_featured_media_url":"https:\/\/armstrongyregion.com.ar\/diario\/wp-content\/uploads\/2020\/03\/PHOTO-2020-03-08-11-21-08.jpg","jetpack_shortlink":"https:\/\/wp.me\/p62QDO-6vM","jetpack_sharing_enabled":true,"amp_enabled":true,"_links":{"self":[{"href":"https:\/\/armstrongyregion.com.ar\/diario\/wp-json\/wp\/v2\/posts\/25034","targetHints":{"allow":["GET"]}}],"collection":[{"href":"https:\/\/armstrongyregion.com.ar\/diario\/wp-json\/wp\/v2\/posts"}],"about":[{"href":"https:\/\/armstrongyregion.com.ar\/diario\/wp-json\/wp\/v2\/types\/post"}],"author":[{"embeddable":true,"href":"https:\/\/armstrongyregion.com.ar\/diario\/wp-json\/wp\/v2\/users\/2"}],"replies":[{"embeddable":true,"href":"https:\/\/armstrongyregion.com.ar\/diario\/wp-json\/wp\/v2\/comments?post=25034"}],"version-history":[{"count":1,"href":"https:\/\/armstrongyregion.com.ar\/diario\/wp-json\/wp\/v2\/posts\/25034\/revisions"}],"predecessor-version":[{"id":25037,"href":"https:\/\/armstrongyregion.com.ar\/diario\/wp-json\/wp\/v2\/posts\/25034\/revisions\/25037"}],"wp:featuredmedia":[{"embeddable":true,"href":"https:\/\/armstrongyregion.com.ar\/diario\/wp-json\/wp\/v2\/media\/25036"}],"wp:attachment":[{"href":"https:\/\/armstrongyregion.com.ar\/diario\/wp-json\/wp\/v2\/media?parent=25034"}],"wp:term":[{"taxonomy":"category","embeddable":true,"href":"https:\/\/armstrongyregion.com.ar\/diario\/wp-json\/wp\/v2\/categories?post=25034"},{"taxonomy":"post_tag","embeddable":true,"href":"https:\/\/armstrongyregion.com.ar\/diario\/wp-json\/wp\/v2\/tags?post=25034"}],"curies":[{"name":"wp","href":"https:\/\/api.w.org\/{rel}","templated":true}]}}