{"id":25025,"date":"2020-03-09T12:02:17","date_gmt":"2020-03-09T12:02:17","guid":{"rendered":"https:\/\/armstrongyregion.com.ar\/diario\/?p=25025"},"modified":"2020-03-09T12:02:23","modified_gmt":"2020-03-09T12:02:23","slug":"avanza-la-rehabilitacion-de-la-ruta-178-a-la-altura-de-armstong","status":"publish","type":"post","link":"https:\/\/armstrongyregion.com.ar\/diario\/avanza-la-rehabilitacion-de-la-ruta-178-a-la-altura-de-armstong\/","title":{"rendered":"Avanza la rehabilitaci\u00f3n de la Ruta 178 a la altura de Armstong"},"content":{"rendered":"\n\n\n<p><\/p>\n\n\n\n<p><em>Este lunes 9 comenzar\u00e1n las primeras tareas de bacheo y reconstrucci\u00f3n de RN 178 entre la Autopista Rosario-C\u00f3rdoba y la ex ruta 9 (RN 1V09). Se proceder\u00e1 al corte total de la circulaci\u00f3n durante de 30 d\u00edas; los usuarios podr\u00e1n desviar a trav\u00e9s de la RP 15.<\/em><\/p>\n\n\n\n<p><strong>Santa Fe, 6 de marzo de 2020<\/strong>&#8211; Vialidad Nacional ejecutar\u00e1 a partir de este lunes los primeros trabajos de bacheo y reconstrucci\u00f3n de la ruta 178, a la altura de la localidad de Armstrong. La obra se desarrolla en el marco de la rehabilitaci\u00f3n de 33 km del corredor entre Villa Elo\u00edsa y el parque industrial de Las Parejas.<\/p>\n\n\n\n<p>Las mejoras en el corredor incluir\u00e1n la reparaci\u00f3n del puente ubicado sobre las v\u00edas del ferrocarril Mitre, cuya estructura presenta un importante estado de deterioro. Como parte de la obra tambi\u00e9n se realizar\u00e1n tareas de concreto asf\u00e1ltico, bacheo en profundidad y repavimentaciones parciales a lo largo de distintos puntos de la ruta.<\/p>\n\n\n\n<p>A ra\u00edz de los trabajos, se proceder\u00e1 al corte total de la circulaci\u00f3n para todo tipo de veh\u00edculos entre la Autopista Rosario-C\u00f3rdoba y la ex ruta 9 (RN 1V09) por un periodo de 30 d\u00edas, durante las 24 horas del d\u00eda. Como consecuencia, se habilitar\u00e1 un desv\u00edo a trav\u00e9s de la RP 15, ubicada en la zona oeste de Armstrong.<\/p>\n\n\n\n<p>En la zona se desarrollar\u00e1 un operativo de seguridad vial para ordenar el tr\u00e1nsito y brindar asistencia a los usuarios. El mismo dispondr\u00e1 de carteler\u00eda preventiva y contar\u00e1 con la participaci\u00f3n de la Agencia Nacional de Seguridad Vial (ANSV), la Agencia Provincial de Seguridad Vial (APSV) y efectivos de la polic\u00eda de tr\u00e1nsito de la Municipalidad de Armstrong en los cruces con la autopista y la ex ruta 9.<\/p>\n\n\n\n<p>Dado que el ingreso al Cementerio Municipal se realiza a trav\u00e9s de la zona intervenida, se establecer\u00e1n accesos alternativos con intervenci\u00f3n de la polic\u00eda municipal. Todas las medidas fueron consensuadas entre las autoridades de Vialidad Nacional, el Municipio de Armstrong, la ANSV, la APSV y profesionales de la empresa a cargo del proyecto.<\/p>\n\n\n\n<p>\u201cLa reconstrucci\u00f3n de la ruta 178 es una obra muy esperada por los habitantes del sur de Santa Fe. Por eso es tan importante que volvamos a impulsar este proyecto que beneficiar\u00e1 a una de las zonas agr\u00edcolas e industriales m\u00e1s pujantes de la Argentina\u201d,&nbsp;<strong>Gustavo Arrieta<\/strong>, administrador general de Vialidad Nacional.<\/p>\n\n\n\n<p>La ruta 178 es el eje de una de las \u00e1reas de mayor movimiento de maquinaria agr\u00edcola y transporte de cargas. Este corredor conecta a un gran n\u00famero de emprendimientos agr\u00edcolas e industriales que se beneficiar\u00e1n por las obras gracias a las mejoras en la circulaci\u00f3n y el abaratamiento de los costos log\u00edsticos.<\/p>\n","protected":false},"excerpt":{"rendered":"<p>Este lunes 9 comenzar\u00e1n las primeras tareas de bacheo y reconstrucci\u00f3n de RN 178 entre la Autopista Rosario-C\u00f3rdoba y la ex ruta 9 (RN 1V09). Se proceder\u00e1 al corte total de la circulaci\u00f3n durante de 30 d\u00edas; los usuarios podr\u00e1n desviar a trav\u00e9s de la RP 15. Santa Fe, 6 de marzo de 2020&#8211; Vialidad <a href=\"https:\/\/armstrongyregion.com.ar\/diario\/avanza-la-rehabilitacion-de-la-ruta-178-a-la-altura-de-armstong\/\" title=\"Read more\" >&#8230;<\/a><\/p>\n","protected":false},"author":2,"featured_media":25026,"comment_status":"open","ping_status":"open","sticky":false,"template":"","format":"image","meta":{"_jetpack_memberships_contains_paid_content":false,"footnotes":"","jetpack_publicize_message":"","jetpack_publicize_feature_enabled":true,"jetpack_social_post_already_shared":true,"jetpack_social_options":{"image_generator_settings":{"template":"highway","default_image_id":0,"enabled":false},"version":2}},"categories":[1],"tags":[],"class_list":["post-25025","post","type-post","status-publish","format-image","has-post-thumbnail","hentry","category-diario-armstrong","post_format-post-format-image"],"jetpack_publicize_connections":[],"jetpack_featured_media_url":"https:\/\/armstrongyregion.com.ar\/diario\/wp-content\/uploads\/2020\/03\/RN-178-TRABAJOS-DE-RECICLADO-DE-CALZADA-EJECUTADOS-ENTRE-RN-9-Y-VILLA-ELOISA-6-3-20-1.jpg","jetpack_shortlink":"https:\/\/wp.me\/p62QDO-6vD","jetpack_sharing_enabled":true,"amp_enabled":true,"_links":{"self":[{"href":"https:\/\/armstrongyregion.com.ar\/diario\/wp-json\/wp\/v2\/posts\/25025","targetHints":{"allow":["GET"]}}],"collection":[{"href":"https:\/\/armstrongyregion.com.ar\/diario\/wp-json\/wp\/v2\/posts"}],"about":[{"href":"https:\/\/armstrongyregion.com.ar\/diario\/wp-json\/wp\/v2\/types\/post"}],"author":[{"embeddable":true,"href":"https:\/\/armstrongyregion.com.ar\/diario\/wp-json\/wp\/v2\/users\/2"}],"replies":[{"embeddable":true,"href":"https:\/\/armstrongyregion.com.ar\/diario\/wp-json\/wp\/v2\/comments?post=25025"}],"version-history":[{"count":1,"href":"https:\/\/armstrongyregion.com.ar\/diario\/wp-json\/wp\/v2\/posts\/25025\/revisions"}],"predecessor-version":[{"id":25027,"href":"https:\/\/armstrongyregion.com.ar\/diario\/wp-json\/wp\/v2\/posts\/25025\/revisions\/25027"}],"wp:featuredmedia":[{"embeddable":true,"href":"https:\/\/armstrongyregion.com.ar\/diario\/wp-json\/wp\/v2\/media\/25026"}],"wp:attachment":[{"href":"https:\/\/armstrongyregion.com.ar\/diario\/wp-json\/wp\/v2\/media?parent=25025"}],"wp:term":[{"taxonomy":"category","embeddable":true,"href":"https:\/\/armstrongyregion.com.ar\/diario\/wp-json\/wp\/v2\/categories?post=25025"},{"taxonomy":"post_tag","embeddable":true,"href":"https:\/\/armstrongyregion.com.ar\/diario\/wp-json\/wp\/v2\/tags?post=25025"}],"curies":[{"name":"wp","href":"https:\/\/api.w.org\/{rel}","templated":true}]}}