{"id":25019,"date":"2020-03-06T14:46:26","date_gmt":"2020-03-06T14:46:26","guid":{"rendered":"https:\/\/armstrongyregion.com.ar\/diario\/?p=25019"},"modified":"2020-03-06T14:46:34","modified_gmt":"2020-03-06T14:46:34","slug":"suba-de-las-retenciones-a-la-soja-la-mesa-de-enlace-definio-un-paro-de-cuatro-dias","status":"publish","type":"post","link":"https:\/\/armstrongyregion.com.ar\/diario\/suba-de-las-retenciones-a-la-soja-la-mesa-de-enlace-definio-un-paro-de-cuatro-dias\/","title":{"rendered":"Suba de las retenciones a la soja: la Mesa de Enlace defini\u00f3 un paro de cuatro d\u00edas"},"content":{"rendered":"\n<p>La Mesa de Enlace defini\u00f3&nbsp;realizar un paro en contra del aumento de las retenciones a la soja, que fue oficializado este jueves&nbsp;en el Bolet\u00edn Oficial.&nbsp;<strong>Ser\u00e1 un cese de comercializaci\u00f3n de granos y hacienda desde el pr\u00f3ximo lunes al jueves inclusive.<\/strong><\/p>\n\n\n\n<p><strong>Los referentes de la Mesa de Enlace lo definieron v\u00eda telef\u00f3nica<\/strong>&nbsp;ya que no se encuentran todos en la ciudad de Buenos Aires por temas de agenda. Jorge Chemes (CRA) se encuentra en Corrientes y Carlos Iannizzotto (Coninagro), en Mendoza.Newsletters Clar\u00edn&nbsp;Cosecha de noticias<\/p>\n\n\n\n<h4 class=\"wp-block-heading\">H\u00e9ctor Huergo trae lo m\u00e1s destacado de la agroindustria y las econom\u00edas regionales.<\/h4>\n\n\n\n<p>Tras la confirmaci\u00f3n de la medida, se especulaba que la Mesa de Enlace lanzara un comunicado en conjunto sobre la decisi\u00f3n pero finalmente las entidades&nbsp;desistieron porque seg\u00fan trascendi\u00f3, no se pusieron de acuerdo sobre los puntos a comunicar.&nbsp;<\/p>\n\n\n\n<p><strong>La&nbsp;entidad&nbsp;m\u00e1s reticente&nbsp;a ir a un cese de comercializaci\u00f3n era Federaci\u00f3n Agraria.&nbsp;<\/strong>Desde la gremial que representa a los productores chicos&nbsp;quer\u00edan conocer en un principio la letra chica de c\u00f3mo ser\u00e1n las compensaciones a los productores de soja, que finalmente no se oficializ\u00f3 hoy en el Bolet\u00edn Oficial junto con los nuevos derechos de exportaci\u00f3n.<\/p>\n\n\n\n<p><strong>La medida hab\u00eda sido impulsada por Confederaciones Rurales Argentinas este jueves por la ma\u00f1ana,<\/strong>&nbsp;presionado por las bases para ir a una medida de fuerza para mostrar el descontento contra el Gobierno.&nbsp;Confederaci\u00f3n de Asociaciones Rurales de Buenos Aires y La Pampa (CARBAP) fue la m\u00e1s combativa, cuyo presidente, Mat\u00edas de Velazco, hab\u00eda alertado que iban a ir al paro con o sin el&nbsp;apoyo de la Mesa de Enlace.&nbsp;<\/p>\n\n\n\n<p>Precisamente, desde CRA&nbsp;hab\u00edan lanzado en la ma\u00f1ana, previo a al decisi\u00f3n de ir al paro en conjunto, un duro&nbsp;comunicado.&nbsp;\u00abSe\u00f1ores, si las medidas tomadas son empujadas por un esp\u00edritu recaudatorio tengan en cuenta que es un juego de suma cero en el corto plazo. Si son empujadas por un esp\u00edritu ideol\u00f3gico entonces&#8230;&nbsp;<strong>Nos veremos en las rutas<\/strong>\u00ab, hab\u00eda advertido la entidad.<br><\/p>\n\n\n\n<p>\u00abUna vez m\u00e1s los productores agropecuarios de todo el pa\u00eds, nos vemos empujados a tomar medidas en defensa de la condici\u00f3n m\u00e1s dignificante del alma y del Hombre como tal, nuestro trabajo\u00bb, dijeron desde CRA.<\/p>\n\n\n\n<p>\u00abEra lo que est\u00e1bamos esperando ya hace m\u00e1s de un mes. Qued\u00f3 demostrado en la \u00faltima&nbsp;reuni\u00f3n entre el Gobierno y la Mesa de Enlace que supuestamente buscaban di\u00e1logo y termin\u00f3 siendo un aviso\u00bb, dijo Ariel Bianchi, productor autoconvocado de la zona de Pergamino.<\/p>\n\n\n\n<p>Seg\u00fan coment\u00f3, los productores autoconvocados<strong>&nbsp;se concentrar\u00e1n en la Ruta Nacional 9, a la altura de San Nicol\u00e1s<\/strong>, para realizar asambleas y el mi\u00e9rcoles 11 productores del norte har\u00e1n un \u00abcasillazo\u00bb desde Charata, Chaco, hasta encontrarse con el resto de los productores en la localidad bonaerense.<\/p>\n\n\n\n<p>Esta fecha, pero hace 12 a\u00f1os atr\u00e1s, fue el puntapi\u00e9 del conflicto entre el gobierno kirchnerista y el campo, cuando Cristina Kirchner quer\u00eda subir las retenciones a la soja de 45% con la llamada&nbsp;<strong>resoluci\u00f3n 125<\/strong>.<\/p>\n\n\n\n<p><strong>Justamente, en el norte del pa\u00eds los productores ya est\u00e1n realizando un cese de comercializaci\u00f3n<\/strong>&nbsp;desde el lunes pasado y se extender\u00e1 hasta el viernes.<\/p>\n\n\n\n<p>Desde Apronor, una de las organizaciones impulsoras de la medida junta con la Sociedad Rural de Tucum\u00e1n, indicaron que<strong>&nbsp;tuvo un alto acatamiento<\/strong>. Y ahora se van a acoplar a la medida a nivel nacional lanzada por la Mesa de Enlace.<\/p>\n\n\n\n<p>En esta l\u00ednea,&nbsp;<strong>en C\u00f3rdoba se realiz\u00f3 un tractorazo en contra del aumento de las retenciones este jueves al mediod\u00eda.<\/strong><\/p>\n\n\n\n<p>Un grupo de productores autoconvocados acamp\u00f3 el mi\u00e9rcoles a la noche en el cruce de rutas (la nacional 36 y la provincial C45) de Altos Fierro, y parti\u00f3 este jueves con sus tractores rumbo a la capital provincial. Participaron m\u00e1s de 100 tractores y camionetas.<\/p>\n\n\n\n<p>\u201cNos siguen tomando el pelo. Dicen que te sacan para darte, pero sobre el tipo de cambio no hacen nada, y tenemos una retenci\u00f3n de m\u00e1s del 40 por ciento si se tiene en cuenta la al\u00edcuota m\u00e1s la diferencia entre el d\u00f3lar que se toma para vender la mercader\u00eda y el que tenemos que considerar para comprar los insumos. Eso, m\u00e1s la sartenada de impuestos que pagamos como todo hijo de vecino\u201d, se quej\u00f3<strong>&nbsp;Alejandro Dalmasso<\/strong>, uno de los organizadores del tractorazo.<\/p>\n\n\n\n<p>Seg\u00fan un trabajo de la Bolsa de Cereales de Buenos Aires, tras la suba de las retenciones a la soja al 33%,&nbsp;<strong>se prev\u00e9 que haya una merma importante en el \u00e1rea sembrada en el ciclo que viene<\/strong>. Luego de las 17,2 millones de hect\u00e1reas que se sembraron esta campa\u00f1a en la cual se proyecta una producci\u00f3n de 54,5 millones de toneladas (comienza la cosecha en unos d\u00edas)&nbsp;<strong>se estima para la campa\u00f1a 2020\/21 que la superficie sojera caiga 679.000 hect\u00e1reas,<\/strong>&nbsp;lo que traer\u00e1 aparejado menos divisas para el pa\u00eds y menor recaudaci\u00f3n por las retenciones.<\/p>\n\n\n\n<p>Hoy se oficializ\u00f3 en el Bolet\u00edn Oficial el aumento de los derechos de exportaci\u00f3n a la soja al 33%. Esta al\u00edcuota la pagar\u00e1n los que produzcan m\u00e1s de 1.000 toneladas anuales (para lo cual se tendr\u00e1 en cuenta la campa\u00f1a 2018\/2019).<\/p>\n\n\n\n<p>Y los que produzcan menos que este tonelaje, habr\u00e1 compensaciones seg\u00fan destac\u00f3 el ministro de Agricultura, Luis Basterra, tras la reuni\u00f3n con la Mesa de Enlace. Pero todav\u00eda no se oficializ\u00f3 en el Bolet\u00edn Oficial.<\/p>\n\n\n\n<p>Fuente: Clarin<\/p>\n\n\n","protected":false},"excerpt":{"rendered":"<p>La Mesa de Enlace defini\u00f3&nbsp;realizar un paro en contra del aumento de las retenciones a la soja, que fue oficializado este jueves&nbsp;en el Bolet\u00edn Oficial.&nbsp;Ser\u00e1 un cese de comercializaci\u00f3n de granos y hacienda desde el pr\u00f3ximo lunes al jueves inclusive. Los referentes de la Mesa de Enlace lo definieron v\u00eda telef\u00f3nica&nbsp;ya que no se encuentran <a href=\"https:\/\/armstrongyregion.com.ar\/diario\/suba-de-las-retenciones-a-la-soja-la-mesa-de-enlace-definio-un-paro-de-cuatro-dias\/\" title=\"Read more\" >&#8230;<\/a><\/p>\n","protected":false},"author":2,"featured_media":25020,"comment_status":"open","ping_status":"open","sticky":false,"template":"","format":"image","meta":{"_jetpack_memberships_contains_paid_content":false,"footnotes":"","jetpack_publicize_message":"","jetpack_publicize_feature_enabled":true,"jetpack_social_post_already_shared":true,"jetpack_social_options":{"image_generator_settings":{"template":"highway","default_image_id":0,"enabled":false},"version":2}},"categories":[1],"tags":[],"class_list":["post-25019","post","type-post","status-publish","format-image","has-post-thumbnail","hentry","category-diario-armstrong","post_format-post-format-image"],"jetpack_publicize_connections":[],"jetpack_featured_media_url":"https:\/\/armstrongyregion.com.ar\/diario\/wp-content\/uploads\/2020\/03\/tractorazo.jpg","jetpack_shortlink":"https:\/\/wp.me\/p62QDO-6vx","jetpack_sharing_enabled":true,"amp_enabled":true,"_links":{"self":[{"href":"https:\/\/armstrongyregion.com.ar\/diario\/wp-json\/wp\/v2\/posts\/25019","targetHints":{"allow":["GET"]}}],"collection":[{"href":"https:\/\/armstrongyregion.com.ar\/diario\/wp-json\/wp\/v2\/posts"}],"about":[{"href":"https:\/\/armstrongyregion.com.ar\/diario\/wp-json\/wp\/v2\/types\/post"}],"author":[{"embeddable":true,"href":"https:\/\/armstrongyregion.com.ar\/diario\/wp-json\/wp\/v2\/users\/2"}],"replies":[{"embeddable":true,"href":"https:\/\/armstrongyregion.com.ar\/diario\/wp-json\/wp\/v2\/comments?post=25019"}],"version-history":[{"count":1,"href":"https:\/\/armstrongyregion.com.ar\/diario\/wp-json\/wp\/v2\/posts\/25019\/revisions"}],"predecessor-version":[{"id":25021,"href":"https:\/\/armstrongyregion.com.ar\/diario\/wp-json\/wp\/v2\/posts\/25019\/revisions\/25021"}],"wp:featuredmedia":[{"embeddable":true,"href":"https:\/\/armstrongyregion.com.ar\/diario\/wp-json\/wp\/v2\/media\/25020"}],"wp:attachment":[{"href":"https:\/\/armstrongyregion.com.ar\/diario\/wp-json\/wp\/v2\/media?parent=25019"}],"wp:term":[{"taxonomy":"category","embeddable":true,"href":"https:\/\/armstrongyregion.com.ar\/diario\/wp-json\/wp\/v2\/categories?post=25019"},{"taxonomy":"post_tag","embeddable":true,"href":"https:\/\/armstrongyregion.com.ar\/diario\/wp-json\/wp\/v2\/tags?post=25019"}],"curies":[{"name":"wp","href":"https:\/\/api.w.org\/{rel}","templated":true}]}}