{"id":24968,"date":"2020-03-04T12:02:50","date_gmt":"2020-03-04T12:02:50","guid":{"rendered":"https:\/\/armstrongyregion.com.ar\/diario\/?p=24968"},"modified":"2020-03-04T12:02:55","modified_gmt":"2020-03-04T12:02:55","slug":"gramigna-es-facil-hacer-un-desahogo-en-las-redes-sociales-pero-es-dificil-ir-a-golpear-puertas-y-exigir-lo-que-por-derecho-nos-corresponde","status":"publish","type":"post","link":"https:\/\/armstrongyregion.com.ar\/diario\/gramigna-es-facil-hacer-un-desahogo-en-las-redes-sociales-pero-es-dificil-ir-a-golpear-puertas-y-exigir-lo-que-por-derecho-nos-corresponde\/","title":{"rendered":"Gramigna: \u201cEs f\u00e1cil hacer un desahogo en las redes sociales pero es dif\u00edcil ir a golpear puertas y exigir lo que por derecho nos corresponde\u201d"},"content":{"rendered":"\n<figure class=\"wp-block-image size-large\"><img loading=\"lazy\" decoding=\"async\" width=\"768\" height=\"576\" src=\"http:\/\/armstrongyregion.com.ar\/diario\/wp-content\/uploads\/2018\/10\/Emi-Gramigna-2019.jpg\" alt=\"Emi-Gramigna-2019\" class=\"wp-image-18872\" srcset=\"https:\/\/armstrongyregion.com.ar\/diario\/wp-content\/uploads\/2018\/10\/Emi-Gramigna-2019.jpg 768w, https:\/\/armstrongyregion.com.ar\/diario\/wp-content\/uploads\/2018\/10\/Emi-Gramigna-2019-300x225.jpg 300w\" sizes=\"auto, (max-width: 768px) 100vw, 768px\" \/><\/figure>\n\n\n\n<p>El concejal Emiliano Gramigna, tambi\u00e9n dio su opini\u00f3n con\nrespecto al acto inaugural de sesiones ordinarias. \u201cComo siempre celebramos el hecho\nde que el intendente venga a contar sobre lo que se hizo y lo que se va a hacer\nl\u00f3gicamente augurando un buen a\u00f1o, sinceramente yo quiero que al gobierno le\nvaya bien. Por ende si le va bien al gobierno nos va bien a todos los\nciudadanos. Esto no es una \u00e9poca pol\u00edtica eso est\u00e1 en las elecciones y no en la\ngesti\u00f3n diaria\u201d.<\/p>\n\n\n\n<p>Gramigna a\u00f1adi\u00f3: \u201cPor eso nosotros vamos a contribuir en\ntodo para que Armstrong pueda salir adelante, para que Armstrong pueda mitigar\nla crisis que hoy acecha al pa\u00eds consecuencia de muchos factores y que hoy la\nciudad necesita de la unidad pol\u00edtica para poder mitigar eso y poder llevar las\nobras adelante\u201d.<\/p>\n\n\n\n<p>Con respecto al trabajo a realizar en este 2020 el concejal\ndijo: Creo que justamente se se va a plantear en la gesti\u00f3n en general,\nindependientemente de lo que sea el trabajo de ordenanzas y pedidos, un ejemplo\nde ello es la Escuela T\u00e9cnica, en este tema lo que nosotros hicimos al\nanoticiarnos de que las obras se paralizaron, era comenzar a revisar la gesti\u00f3n\nante el senado, ante la secretaria que corresponde a nivel de la provincia y\njustamente comenzar a implementar una gesti\u00f3n pr\u00e1ctica. Es f\u00e1cil hacer un\ndesahogo en redes sociales pero es dif\u00edcil ir a golpear las puertas de los\ngobernantes y exigir lo que por derecho nos corresponde, eso es lo m\u00e1s\nimportante\u201d.<\/p>\n","protected":false},"excerpt":{"rendered":"<p>Gramigna: \u201cEs f\u00e1cil hacer un desahogo en las redes sociales pero es dif\u00edcil ir a golpear puertas y exigir lo que por derecho nos corresponde\u201d<\/p>\n","protected":false},"author":1,"featured_media":22899,"comment_status":"open","ping_status":"open","sticky":false,"template":"","format":"image","meta":{"_jetpack_memberships_contains_paid_content":false,"footnotes":"","jetpack_publicize_message":"","jetpack_publicize_feature_enabled":true,"jetpack_social_post_already_shared":true,"jetpack_social_options":{"image_generator_settings":{"template":"highway","default_image_id":0,"enabled":false},"version":2}},"categories":[1],"tags":[],"class_list":["post-24968","post","type-post","status-publish","format-image","has-post-thumbnail","hentry","category-diario-armstrong","post_format-post-format-image"],"jetpack_publicize_connections":[],"jetpack_featured_media_url":"https:\/\/armstrongyregion.com.ar\/diario\/wp-content\/uploads\/2019\/09\/emiliano-Gramigna-septiembre-19.jpg","jetpack_shortlink":"https:\/\/wp.me\/p62QDO-6uI","jetpack_sharing_enabled":true,"amp_enabled":true,"_links":{"self":[{"href":"https:\/\/armstrongyregion.com.ar\/diario\/wp-json\/wp\/v2\/posts\/24968","targetHints":{"allow":["GET"]}}],"collection":[{"href":"https:\/\/armstrongyregion.com.ar\/diario\/wp-json\/wp\/v2\/posts"}],"about":[{"href":"https:\/\/armstrongyregion.com.ar\/diario\/wp-json\/wp\/v2\/types\/post"}],"author":[{"embeddable":true,"href":"https:\/\/armstrongyregion.com.ar\/diario\/wp-json\/wp\/v2\/users\/1"}],"replies":[{"embeddable":true,"href":"https:\/\/armstrongyregion.com.ar\/diario\/wp-json\/wp\/v2\/comments?post=24968"}],"version-history":[{"count":1,"href":"https:\/\/armstrongyregion.com.ar\/diario\/wp-json\/wp\/v2\/posts\/24968\/revisions"}],"predecessor-version":[{"id":24969,"href":"https:\/\/armstrongyregion.com.ar\/diario\/wp-json\/wp\/v2\/posts\/24968\/revisions\/24969"}],"wp:featuredmedia":[{"embeddable":true,"href":"https:\/\/armstrongyregion.com.ar\/diario\/wp-json\/wp\/v2\/media\/22899"}],"wp:attachment":[{"href":"https:\/\/armstrongyregion.com.ar\/diario\/wp-json\/wp\/v2\/media?parent=24968"}],"wp:term":[{"taxonomy":"category","embeddable":true,"href":"https:\/\/armstrongyregion.com.ar\/diario\/wp-json\/wp\/v2\/categories?post=24968"},{"taxonomy":"post_tag","embeddable":true,"href":"https:\/\/armstrongyregion.com.ar\/diario\/wp-json\/wp\/v2\/tags?post=24968"}],"curies":[{"name":"wp","href":"https:\/\/api.w.org\/{rel}","templated":true}]}}