{"id":24962,"date":"2020-03-04T03:09:23","date_gmt":"2020-03-04T03:09:23","guid":{"rendered":"https:\/\/armstrongyregion.com.ar\/diario\/?p=24962"},"modified":"2020-03-04T03:13:40","modified_gmt":"2020-03-04T03:13:40","slug":"armstrong-verdecchia-inauguro-el-periodo-ordinario-del-concejo-deliberante","status":"publish","type":"post","link":"https:\/\/armstrongyregion.com.ar\/diario\/armstrong-verdecchia-inauguro-el-periodo-ordinario-del-concejo-deliberante\/","title":{"rendered":"Armstrong. Verdecchia inaugur\u00f3 el periodo ordinario del Concejo Deliberante."},"content":{"rendered":"\n<figure class=\"wp-block-image size-large\"><img loading=\"lazy\" decoding=\"async\" width=\"768\" height=\"581\" src=\"http:\/\/armstrongyregion.com.ar\/diario\/wp-content\/uploads\/2020\/03\/concejo-2020-.jpg\" alt=\"\" class=\"wp-image-24963\" srcset=\"https:\/\/armstrongyregion.com.ar\/diario\/wp-content\/uploads\/2020\/03\/concejo-2020-.jpg 768w, https:\/\/armstrongyregion.com.ar\/diario\/wp-content\/uploads\/2020\/03\/concejo-2020--300x227.jpg 300w\" sizes=\"auto, (max-width: 768px) 100vw, 768px\" \/><\/figure>\n\n\n\n<p>En la noche del martes 3 de marzo, el intendente Dr. Pablo Verdecchia\ninaugur\u00f3 las sesiones del periodo ordinario.<\/p>\n\n\n\n<p>\u201cPara quienes creemos en los valores republicanos es\nimportant\u00edsimo esto de las aperturas de sesiones ordinarias del Concejo\nMunicipal, donde podamos estar todos los actores, todos los poderes del estado\npara trabajar en conjunto\u201d, fue lo que expres\u00f3 el Dr. Pablo Verdecchia, sobre\nla importancia de este tipo de actos.<\/p>\n\n\n\n<p>Luego agreg\u00f3: \u201cLos concejales tienen que estar &nbsp;siempre enterados y trabajando en conjunto\npara que se adecuen en cuanto a los proyectos que se quieran trabajar y esto\nsirve para que se involucren e interioricen hacia d\u00f3nde va el estado,&nbsp; este ser\u00e1 un a\u00f1o dif\u00edcil a nivel pa\u00eds con una\ncrisis muy marcada con un cambio de gobierno&nbsp;\na nivel nacional y provincial que seguramente nos vamos a poner a\ntrabajar &nbsp;todos los sectores sin\ndistinciones pol\u00edticas\u201d. <\/p>\n\n\n\n<p>El intendente Verdecchia en su discurso agradeci\u00f3 a los\nbloques opositores&nbsp; ya que en el a\u00f1o 2019\na pesar de ser un a\u00f1o de elecciones, los concejales aprobaron todos los\nproyectos del ejecutivo con celeridad, espec\u00edficamente los que tienen que ver\ncon obra p\u00fablica. <\/p>\n\n\n\n<p>El ejecutivo dijo: \u201cSabemos que la situaci\u00f3n y la burocracia\nque tienen los gobiernos tanto provincial como nacional hacen que cualquier\ndemora previa dificulte la obra en cuesti\u00f3n.&nbsp;\nY esas reuniones que cada tanto se pueden hacer o alg\u00fan llamado telef\u00f3nico,\nhacen que se potencie nuestra labor, la verdad que la ciudadan\u00eda va a\nencontrarnos unidos trabajando por y para la gente. Creo que este 2020 va a ser\nun a\u00f1o muy positivo,&nbsp; todos los proyectos\nque tengamos en com\u00fan mejoraran la calidad de vida de nuestra ciudadan\u00eda\u201d.\nFinaliz\u00f3.<\/p>\n","protected":false},"excerpt":{"rendered":"<p>En la noche del martes 3 de marzo, el intendente Dr. Pablo Verdecchia inaugur\u00f3 las sesiones del periodo ordinario. \u201cPara quienes creemos en los valores republicanos es important\u00edsimo esto de las aperturas de sesiones ordinarias del Concejo Municipal, donde podamos estar todos los actores, todos los poderes del estado para trabajar en conjunto\u201d, fue lo <a href=\"https:\/\/armstrongyregion.com.ar\/diario\/armstrong-verdecchia-inauguro-el-periodo-ordinario-del-concejo-deliberante\/\" title=\"Read more\" >&#8230;<\/a><\/p>\n","protected":false},"author":1,"featured_media":24963,"comment_status":"open","ping_status":"open","sticky":false,"template":"","format":"image","meta":{"_jetpack_memberships_contains_paid_content":false,"footnotes":"","jetpack_publicize_message":"","jetpack_publicize_feature_enabled":true,"jetpack_social_post_already_shared":true,"jetpack_social_options":{"image_generator_settings":{"template":"highway","default_image_id":0,"enabled":false},"version":2}},"categories":[8,1,2,7],"tags":[],"class_list":["post-24962","post","type-post","status-publish","format-image","has-post-thumbnail","hentry","category-deliberando","category-diario-armstrong","category-locales","category-politica","post_format-post-format-image"],"jetpack_publicize_connections":[],"jetpack_featured_media_url":"https:\/\/armstrongyregion.com.ar\/diario\/wp-content\/uploads\/2020\/03\/concejo-2020-.jpg","jetpack_shortlink":"https:\/\/wp.me\/p62QDO-6uC","jetpack_sharing_enabled":true,"amp_enabled":true,"_links":{"self":[{"href":"https:\/\/armstrongyregion.com.ar\/diario\/wp-json\/wp\/v2\/posts\/24962","targetHints":{"allow":["GET"]}}],"collection":[{"href":"https:\/\/armstrongyregion.com.ar\/diario\/wp-json\/wp\/v2\/posts"}],"about":[{"href":"https:\/\/armstrongyregion.com.ar\/diario\/wp-json\/wp\/v2\/types\/post"}],"author":[{"embeddable":true,"href":"https:\/\/armstrongyregion.com.ar\/diario\/wp-json\/wp\/v2\/users\/1"}],"replies":[{"embeddable":true,"href":"https:\/\/armstrongyregion.com.ar\/diario\/wp-json\/wp\/v2\/comments?post=24962"}],"version-history":[{"count":2,"href":"https:\/\/armstrongyregion.com.ar\/diario\/wp-json\/wp\/v2\/posts\/24962\/revisions"}],"predecessor-version":[{"id":24965,"href":"https:\/\/armstrongyregion.com.ar\/diario\/wp-json\/wp\/v2\/posts\/24962\/revisions\/24965"}],"wp:featuredmedia":[{"embeddable":true,"href":"https:\/\/armstrongyregion.com.ar\/diario\/wp-json\/wp\/v2\/media\/24963"}],"wp:attachment":[{"href":"https:\/\/armstrongyregion.com.ar\/diario\/wp-json\/wp\/v2\/media?parent=24962"}],"wp:term":[{"taxonomy":"category","embeddable":true,"href":"https:\/\/armstrongyregion.com.ar\/diario\/wp-json\/wp\/v2\/categories?post=24962"},{"taxonomy":"post_tag","embeddable":true,"href":"https:\/\/armstrongyregion.com.ar\/diario\/wp-json\/wp\/v2\/tags?post=24962"}],"curies":[{"name":"wp","href":"https:\/\/api.w.org\/{rel}","templated":true}]}}