{"id":24912,"date":"2020-03-02T11:41:36","date_gmt":"2020-03-02T11:41:36","guid":{"rendered":"https:\/\/armstrongyregion.com.ar\/diario\/?p=24912"},"modified":"2020-03-02T11:41:43","modified_gmt":"2020-03-02T11:41:43","slug":"armstrong-instructorado-y-profesorado-de-yoga-2020","status":"publish","type":"post","link":"https:\/\/armstrongyregion.com.ar\/diario\/armstrong-instructorado-y-profesorado-de-yoga-2020\/","title":{"rendered":"Armstrong. Instructorado y Profesorado de Yoga 2020."},"content":{"rendered":"\n<figure class=\"wp-block-image size-large\"><img loading=\"lazy\" decoding=\"async\" width=\"768\" height=\"531\" src=\"http:\/\/armstrongyregion.com.ar\/diario\/wp-content\/uploads\/2020\/03\/yoga_2020.jpg\" alt=\"\" class=\"wp-image-24913\" srcset=\"https:\/\/armstrongyregion.com.ar\/diario\/wp-content\/uploads\/2020\/03\/yoga_2020.jpg 768w, https:\/\/armstrongyregion.com.ar\/diario\/wp-content\/uploads\/2020\/03\/yoga_2020-300x207.jpg 300w\" sizes=\"auto, (max-width: 768px) 100vw, 768px\" \/><\/figure>\n\n\n\n<p>La Municipalidad de Armstrong a trav\u00e9s de la Secretar\u00eda de Educaci\u00f3n, Cultura y Deporte &nbsp;informa que dar\u00e1 inicio a los cursos de Instructorado y Profesorado de Yoga y T\u00e9cnicas Psicocorporales, ambos a cargo de la profesora Marta Bonino.<\/p>\n\n\n\n<p>Por ello, se brindar\u00e1 una charla informativa el d\u00eda s\u00e1bado 7 de marzo a las 10:30 hs. en el sal\u00f3n auditorio Delmo Dar\u00f3, ubicado en calle San Mart\u00edn 1565.<\/p>\n\n\n\n<p>Las clases se iniciar\u00e1n los d\u00edas 14 y 28 de marzo, respectivamente. La formaci\u00f3n docente que se &nbsp;imparte en esta capacitaci\u00f3n se basa en el Yoga Integral o Purna Yoga, y en los aportes de las ciencias modernas.<\/p>\n\n\n\n<p>La ense\u00f1anza es te\u00f3rico-pr\u00e1ctica-vivencial abarcando un amplio abanico de estilos de Yoga que existen en la actualidad, ofreciendo un extenso margen de t\u00e9cnicas y criterios de ense\u00f1anzas.<\/p>\n\n\n\n<p>Los objetivos de esta propuesta son: Transmitir diversas t\u00e9cnicas del Yoga; Profundizar las fuentes; Transmitir una formaci\u00f3n integral que permita contribuir a mejorar las condiciones de la actividad cotidiana cada vez m\u00e1s requerida por nuestra sociedad; Capacitar a los alumnos para dirigir y organizar grupos dedicados a esta actividad.<\/p>\n\n\n\n<p>Est\u00e1 dirigido a j\u00f3venes y adultos interesados en formarse a trav\u00e9s de una aut\u00e9ntica fuente de conocimiento ancestral y que adem\u00e1s les proporciona una salida laboral.<\/p>\n\n\n\n<p>La modalidad de los cursos es presencial, de marzo a diciembre, un s\u00e1bado por mes y, luego de los ex\u00e1menes correspondientes se entregar\u00e1n certificaciones oficiales.<\/p>\n\n\n\n<p>Informes e inscripci\u00f3n en Facebook: Capacitaci\u00f3n Yoga \u00f3 Marta Bonino, \u00f3 escribir a&nbsp;<a href=\"mailto:martabonino@hotmail.com.\"><\/a><a href=\"mailto:martabonino@hotmail.com\">martabonino@hotmail.com<\/a><\/p>\n","protected":false},"excerpt":{"rendered":"<p>Instructorado y Profesorado de Yoga 2020<\/p>\n","protected":false},"author":1,"featured_media":24913,"comment_status":"open","ping_status":"open","sticky":false,"template":"","format":"image","meta":{"_jetpack_memberships_contains_paid_content":false,"footnotes":"","jetpack_publicize_message":"","jetpack_publicize_feature_enabled":true,"jetpack_social_post_already_shared":true,"jetpack_social_options":{"image_generator_settings":{"template":"highway","default_image_id":0,"enabled":false},"version":2}},"categories":[6,8,1,2],"tags":[],"class_list":["post-24912","post","type-post","status-publish","format-image","has-post-thumbnail","hentry","category-cultura-entretenimiento","category-deliberando","category-diario-armstrong","category-locales","post_format-post-format-image"],"jetpack_publicize_connections":[],"jetpack_featured_media_url":"https:\/\/armstrongyregion.com.ar\/diario\/wp-content\/uploads\/2020\/03\/yoga_2020.jpg","jetpack_shortlink":"https:\/\/wp.me\/p62QDO-6tO","jetpack_sharing_enabled":true,"amp_enabled":true,"_links":{"self":[{"href":"https:\/\/armstrongyregion.com.ar\/diario\/wp-json\/wp\/v2\/posts\/24912","targetHints":{"allow":["GET"]}}],"collection":[{"href":"https:\/\/armstrongyregion.com.ar\/diario\/wp-json\/wp\/v2\/posts"}],"about":[{"href":"https:\/\/armstrongyregion.com.ar\/diario\/wp-json\/wp\/v2\/types\/post"}],"author":[{"embeddable":true,"href":"https:\/\/armstrongyregion.com.ar\/diario\/wp-json\/wp\/v2\/users\/1"}],"replies":[{"embeddable":true,"href":"https:\/\/armstrongyregion.com.ar\/diario\/wp-json\/wp\/v2\/comments?post=24912"}],"version-history":[{"count":1,"href":"https:\/\/armstrongyregion.com.ar\/diario\/wp-json\/wp\/v2\/posts\/24912\/revisions"}],"predecessor-version":[{"id":24914,"href":"https:\/\/armstrongyregion.com.ar\/diario\/wp-json\/wp\/v2\/posts\/24912\/revisions\/24914"}],"wp:featuredmedia":[{"embeddable":true,"href":"https:\/\/armstrongyregion.com.ar\/diario\/wp-json\/wp\/v2\/media\/24913"}],"wp:attachment":[{"href":"https:\/\/armstrongyregion.com.ar\/diario\/wp-json\/wp\/v2\/media?parent=24912"}],"wp:term":[{"taxonomy":"category","embeddable":true,"href":"https:\/\/armstrongyregion.com.ar\/diario\/wp-json\/wp\/v2\/categories?post=24912"},{"taxonomy":"post_tag","embeddable":true,"href":"https:\/\/armstrongyregion.com.ar\/diario\/wp-json\/wp\/v2\/tags?post=24912"}],"curies":[{"name":"wp","href":"https:\/\/api.w.org\/{rel}","templated":true}]}}