{"id":24908,"date":"2020-03-02T11:36:29","date_gmt":"2020-03-02T11:36:29","guid":{"rendered":"https:\/\/armstrongyregion.com.ar\/diario\/?p=24908"},"modified":"2020-03-02T11:47:55","modified_gmt":"2020-03-02T11:47:55","slug":"bruno-gentiletti-el-chico-que-desaparece-cada-dia-de-injusticia","status":"publish","type":"post","link":"https:\/\/armstrongyregion.com.ar\/diario\/bruno-gentiletti-el-chico-que-desaparece-cada-dia-de-injusticia\/","title":{"rendered":"Bruno Gentiletti, el chico que desaparece cada d\u00eda de injusticia."},"content":{"rendered":"\n<figure class=\"wp-block-image size-large\"><img loading=\"lazy\" decoding=\"async\" width=\"800\" height=\"450\" src=\"http:\/\/armstrongyregion.com.ar\/diario\/wp-content\/uploads\/2020\/03\/bruno_gentiletti.png_1756841869.png\" alt=\"\" class=\"wp-image-24909\" srcset=\"https:\/\/armstrongyregion.com.ar\/diario\/wp-content\/uploads\/2020\/03\/bruno_gentiletti.png_1756841869.png 800w, https:\/\/armstrongyregion.com.ar\/diario\/wp-content\/uploads\/2020\/03\/bruno_gentiletti.png_1756841869-300x169.png 300w, https:\/\/armstrongyregion.com.ar\/diario\/wp-content\/uploads\/2020\/03\/bruno_gentiletti.png_1756841869-768x432.png 768w\" sizes=\"auto, (max-width: 800px) 100vw, 800px\" \/><\/figure>\n\n\n\n<h2 class=\"wp-block-heading\"> El 2 de marzo de 1997, cuando ten\u00eda 8 a\u00f1os y estaba con su familia en La Florida, el ni\u00f1o oriundo de Las Rosas fue visto por \u00faltima vez y se perdi\u00f3 todo rastro. La Prefectura descart\u00f3 que se haya ahogado en el r\u00edo y su madre inici\u00f3 una b\u00fasqueda que continua hoy, en el marco de un caso que evidencia como pocos la desidia de la Justicia y la polic\u00eda.<\/h2>\n\n\n\n<p><strong>La mam\u00e1 de Bruno Gentiletti, Marisa Olgu\u00edn, siente que el 2 de marzo de 1997 sufri\u00f3 dos maldiciones<\/strong>: le robaron a su hijo en el balneario La Florida, y despu\u00e9s del hecho atroz&nbsp;le toc\u00f3 en suerte un juez que no investig\u00f3 lo ocurrido. Como por arte de magia,&nbsp;<strong>Bruno Gentiletti desapareci\u00f3 de la playa rosarina y nunca m\u00e1s nadie volvi\u00f3 a verlo.<\/strong>&nbsp;Como si se lo hubiera tragado la tierra. \u00bfPuede una persona desaparecer y no dejar ning\u00fan rastro? \u00bfPuede hacerlo adem\u00e1s un ni\u00f1o de ocho a\u00f1os?&nbsp;<\/p>\n\n\n\n<p>Cuando sucedi\u00f3 aquello,&nbsp;<strong>Bruno med\u00eda un metro veinticinco y era de contextura peque\u00f1a. El ni\u00f1o que Bruno fue&nbsp;hoy tendr\u00eda 31 a\u00f1os<\/strong>.&nbsp;<strong>Las caracter\u00edsticas f\u00edsicas para buscarlo&nbsp;quedaron desactualizadas.<\/strong>&nbsp;S\u00f3lo una cicatriz de tres cent\u00edmetros en su om\u00f3plato derecho pueda tal vez seguir siendo una pista v\u00e1lida. Las dem\u00e1s, deber\u00eda haberlas aportado la Justicia.&nbsp;<strong>Pero desde hace m\u00e1s de una d\u00e9cada la causa est\u00e1 archivada en los Tribunales provinciales.<\/strong>&nbsp;En 2007 cambi\u00f3 la car\u00e1tula, paso de b\u00fasqueda de paradero a desaparici\u00f3n, un delito que no prescribe, y que deber\u00eda ser investigado por la Justicia federal, hasta que aparezca Bruno o hasta que aparezcan sus restos.<\/p>\n\n\n\n<h2 class=\"wp-block-heading\"><strong>2 de marzo<\/strong><\/h2>\n\n\n\n<p>Marisa Olgu\u00edn vio por \u00faltima vez a su hijo el domingo 2 de marzo de 1997. Fue esa jornada en la que viajaron con toda la familia a Rosario para disfrutar del r\u00edo, algo que su ciudad, Las Rosas, no tiene. Un d\u00eda de sol y playa juntos. La mam\u00e1, el pap\u00e1, Claudio Gentiletti, Bruno y sus cuatro hermanos: Mar\u00eda Bel\u00e9n, Mart\u00edn, Franco y Gisela. En realidad la visita a la ciudad no estaba planeada para ese domingo. Iban a viajar el mi\u00e9rcoles anterior, el 26 de febrero, que era el cumplea\u00f1os de Franco. Quer\u00edan festejarlo haciendo algo distinto.<\/p>\n\n\n\n<figure class=\"wp-block-image\"><img decoding=\"async\" src=\"https:\/\/www.rosario3.com\/export\/sites\/rosario3\/img\/2020\/03\/01\/mama_y_hermanos_de_bruno.jpg_674994428.jpg\" alt=\"\"\/><figcaption>La mam\u00e1 de Bruno y los hermanos nunca han dejado de buscarlo.<\/figcaption><\/figure>\n\n\n\n<p>La familia de Bruno nunca hab\u00eda ido al r\u00edo, ni a pescar siquiera. Sus d\u00edas transcurr\u00edan entre la vida en el campo y el trabajo en el pueblo. Ese mi\u00e9rcoles del cumplea\u00f1os, Las Rosas amaneci\u00f3 con una lluvia torrencial y se vieron obligados a suspender el paseo. El tiempo les jug\u00f3 una mala pasada. Viajaron el domingo.&nbsp;<strong>Ese domingo 2 de marzo que cambi\u00f3 para siempre el resto de sus vidas.<\/strong><\/p>\n\n\n\n<p>Llegaron al balneario La Florida a media ma\u00f1ana, no hab\u00eda mucha gente todav\u00eda. El pap\u00e1 se meti\u00f3 al r\u00edo con sus dos hijos m\u00e1s grandes. Bruno se qued\u00f3 en la orilla junto a su mam\u00e1 y sus otros hermanos y al mirar el agua marr\u00f3n dijo: \u201cMami qu\u00e9 agua m\u00e1s sucia\u201d.&nbsp;<strong>No le gust\u00f3 el agua. Por eso Marisa siente que Bruno no pudo haberse ahogado en el Paran\u00e1.&nbsp;<\/strong>Por eso y porque era muy cuidadoso con sus o\u00eddos. No se met\u00eda al agua ni se duchaba si no ten\u00eda tapones, lo hab\u00edan operado ocho meses antes de una otitis media secretora y todav\u00eda no pod\u00eda humedecerse los o\u00eddos. Por eso la mam\u00e1 dice eso<strong>. Y sobretodo, porque los informes de Prefectura que lo buscaron a Bruno durante meses en el r\u00edo, indicaron que era improbable que el ni\u00f1o se hubiera ahogado<\/strong>&nbsp;porque cuando eso sucede, m\u00e1s tarde o m\u00e1s temprano, los cuerpos sin vida aparecen flotando.&nbsp;<\/p>\n\n\n\n<p>Despu\u00e9s de estar un rato en la orilla Bruno y los hermanos m\u00e1s chicos se fueron a jugar a otro sector, opuesto al r\u00edo. Franco y Gisela eligieron las camas el\u00e1sticas y Bruno&nbsp;al tobog\u00e1n de agua. Desde que estacionaron el auto en el balneario, Bruno vio ese juego y repiti\u00f3 varias veces que quer\u00eda ir ah\u00ed. Una vez en el lugar, unas personas le dijeron que el tobog\u00e1n estaba cerrado, que abr\u00eda m\u00e1s tarde. Eso fue lo \u00faltimo que le escucharon decir los hermanos m\u00e1s chicos.&nbsp;<strong>Para cuando la madre prepar\u00f3 los sandwiches y los llam\u00f3 a comer, Bruno ya no estaba. A partir de ah\u00ed, todo es incierto. A partir de ah\u00ed, comenz\u00f3 la pesadilla interminable.<\/strong><\/p>\n\n\n\n<h2 class=\"wp-block-heading\"><strong>Llamados repetidos<\/strong><\/h2>\n\n\n\n<h2 class=\"wp-block-heading\">En esa primera semana de marzo en la que desapareci\u00f3 Bruno Gentiletti, al igual que ahora, en la provincia no empezaban las clases. Corr\u00eda el fin de la d\u00e9cada menemista y en Rosario, a\u00fan funcionaban los cines del centro que unos a\u00f1os despu\u00e9s ser\u00edan templos religiosos. No hab\u00eda celulares y los tel\u00e9fonos fijos a\u00fan no ten\u00edan el 4 adelante del n\u00famero. Los tel\u00e9fonos de los familiares de Bruno sal\u00edan en todos los diarios y en esas primeras semanas hubo cientos de llamadas de personas que dec\u00edan haberlo visto en alg\u00fan lugar.&nbsp;<strong>De repente Bruno estaba en todos lados. Pero muchas de esas comunicaciones eran de videntes o adivinos que en realidad, no aportaron datos significativos.<\/strong>El primer mal presagio que tuvo la madre fue tras hacer la denuncia en la comisar\u00eda d\u00e9cima.&nbsp;<strong>La radicaron cerca de las dos de la tarde de ese domingo pero la polic\u00eda reci\u00e9n se acerc\u00f3 al balneario como a las diez de la noche<\/strong>. Por lo dem\u00e1s,&nbsp;<strong>la causa lleg\u00f3 casi tres d\u00edas m\u00e1s tarde a Tribunales y cay\u00f3 en las manos del ahora fallecido juez Edgardo Bistoletti<\/strong>. No exist\u00eda en Santa Fe un protocolo de b\u00fasqueda de chicos extraviados o desaparecidos. De hecho, con la legislaci\u00f3n de ese entonces, hab\u00eda que esperar 48 horas para considerar desaparecido a un ni\u00f1o. \u201cEn ese tiempo el chico puede estar en Jap\u00f3n\u201d, dec\u00eda la t\u00eda, Marisa Gentiletti, a los medios locales.<\/h2>\n\n\n\n<figure class=\"wp-block-image\"><img decoding=\"async\" src=\"https:\/\/www.rosario3.com\/img\/2020\/03\/01\/vaninacanepa.jpg?__scale=w:30,h:30,t:2,p:6,q:80\" alt=\"Avatar de \"\/><\/figure>\n\n\n\n<p>Por&nbsp;<strong>VANINA C\u00c1NEPA<\/strong><a href=\"https:\/\/www.rosario3.com\/informaciongeneral\/Bruno-Gentiletti-el-chico-que-desaparece-cada-dia-de-injusticia-20200301-0018.html#\"><\/a><a href=\"https:\/\/www.rosario3.com\/informaciongeneral\/Bruno-Gentiletti-el-chico-que-desaparece-cada-dia-de-injusticia-20200301-0018.html#\"><\/a><a href=\"https:\/\/www.rosario3.com\/informaciongeneral\/Bruno-Gentiletti-el-chico-que-desaparece-cada-dia-de-injusticia-20200301-0018.html#\"><\/a><a href=\"https:\/\/www.facebook.com\/dialog\/send?app_id=798609233530383&amp;redirect_uri=https:\/\/www.rosario3.com\/informaciongeneral\/Bruno-Gentiletti-el-chico-que-desaparece-cada-dia-de-injusticia-20200301-0018.html&amp;link=https:\/\/www.rosario3.com\/informaciongeneral\/Bruno-Gentiletti-el-chico-que-desaparece-cada-dia-de-injusticia-20200301-0018.html\" target=\"_blank\" rel=\"noreferrer noopener\"><\/a><a href=\"mailto:?subject=Te%20recomiendo%20esta%20nota%20de%20Rosario3&amp;body=Lee%20esta%20nota%20de%20Rosario3:%20https:\/\/www.rosario3.com\/informaciongeneral\/Bruno-Gentiletti-el-chico-que-desaparece-cada-dia-de-injusticia-20200301-0018.html\"><\/a><br><\/p>\n","protected":false},"excerpt":{"rendered":"<p>Bruno Gentiletti, el chico que desaparece cada d\u00eda de injusticia<\/p>\n","protected":false},"author":1,"featured_media":24909,"comment_status":"open","ping_status":"open","sticky":false,"template":"","format":"image","meta":{"_jetpack_memberships_contains_paid_content":false,"footnotes":"","jetpack_publicize_message":"","jetpack_publicize_feature_enabled":true,"jetpack_social_post_already_shared":true,"jetpack_social_options":{"image_generator_settings":{"template":"highway","default_image_id":0,"enabled":false},"version":2}},"categories":[8,1,2,2852,7,3],"tags":[],"class_list":["post-24908","post","type-post","status-publish","format-image","has-post-thumbnail","hentry","category-deliberando","category-diario-armstrong","category-locales","category-policiales","category-politica","category-region","post_format-post-format-image"],"jetpack_publicize_connections":[],"jetpack_featured_media_url":"https:\/\/armstrongyregion.com.ar\/diario\/wp-content\/uploads\/2020\/03\/bruno_gentiletti.png_1756841869.png","jetpack_shortlink":"https:\/\/wp.me\/p62QDO-6tK","jetpack_sharing_enabled":true,"amp_enabled":true,"_links":{"self":[{"href":"https:\/\/armstrongyregion.com.ar\/diario\/wp-json\/wp\/v2\/posts\/24908","targetHints":{"allow":["GET"]}}],"collection":[{"href":"https:\/\/armstrongyregion.com.ar\/diario\/wp-json\/wp\/v2\/posts"}],"about":[{"href":"https:\/\/armstrongyregion.com.ar\/diario\/wp-json\/wp\/v2\/types\/post"}],"author":[{"embeddable":true,"href":"https:\/\/armstrongyregion.com.ar\/diario\/wp-json\/wp\/v2\/users\/1"}],"replies":[{"embeddable":true,"href":"https:\/\/armstrongyregion.com.ar\/diario\/wp-json\/wp\/v2\/comments?post=24908"}],"version-history":[{"count":2,"href":"https:\/\/armstrongyregion.com.ar\/diario\/wp-json\/wp\/v2\/posts\/24908\/revisions"}],"predecessor-version":[{"id":24918,"href":"https:\/\/armstrongyregion.com.ar\/diario\/wp-json\/wp\/v2\/posts\/24908\/revisions\/24918"}],"wp:featuredmedia":[{"embeddable":true,"href":"https:\/\/armstrongyregion.com.ar\/diario\/wp-json\/wp\/v2\/media\/24909"}],"wp:attachment":[{"href":"https:\/\/armstrongyregion.com.ar\/diario\/wp-json\/wp\/v2\/media?parent=24908"}],"wp:term":[{"taxonomy":"category","embeddable":true,"href":"https:\/\/armstrongyregion.com.ar\/diario\/wp-json\/wp\/v2\/categories?post=24908"},{"taxonomy":"post_tag","embeddable":true,"href":"https:\/\/armstrongyregion.com.ar\/diario\/wp-json\/wp\/v2\/tags?post=24908"}],"curies":[{"name":"wp","href":"https:\/\/api.w.org\/{rel}","templated":true}]}}