{"id":2490,"date":"2015-06-05T11:09:18","date_gmt":"2015-06-05T11:09:18","guid":{"rendered":"https:\/\/armstrongyregion.com.ar\/diario\/?p=2490"},"modified":"2015-06-05T11:09:18","modified_gmt":"2015-06-05T11:09:18","slug":"jorge-henn-vino-a-armstrong-a-brindar-apoyo-a-verdecchia","status":"publish","type":"post","link":"https:\/\/armstrongyregion.com.ar\/diario\/jorge-henn-vino-a-armstrong-a-brindar-apoyo-a-verdecchia\/","title":{"rendered":"Jorge Henn vino a Armstrong a brindar apoyo a Verdecchia."},"content":{"rendered":"<p><a href=\"http:\/\/armstrongyregion.com.ar\/diario\/wp-content\/uploads\/2015\/06\/IMG-20150604-WA0036.jpg\"><img loading=\"lazy\" decoding=\"async\" class=\"alignnone size-medium wp-image-2491\" src=\"http:\/\/armstrongyregion.com.ar\/diario\/wp-content\/uploads\/2015\/06\/IMG-20150604-WA0036-300x224.jpg\" alt=\"Jorge  Henn\" width=\"300\" height=\"224\" srcset=\"https:\/\/armstrongyregion.com.ar\/diario\/wp-content\/uploads\/2015\/06\/IMG-20150604-WA0036-300x224.jpg 300w, https:\/\/armstrongyregion.com.ar\/diario\/wp-content\/uploads\/2015\/06\/IMG-20150604-WA0036-1024x767.jpg 1024w, https:\/\/armstrongyregion.com.ar\/diario\/wp-content\/uploads\/2015\/06\/IMG-20150604-WA0036.jpg 1280w\" sizes=\"auto, (max-width: 300px) 100vw, 300px\" \/><\/a>El actual vice-gobernador y candidato a Diputado Pcial., por el Frente Progresista C\u00edvico y Social, brind\u00f3 una conferencia de prensa y dijo, \u201cVengo a esta ciudad a decir sin eufemismos que brindamos nuestro apoyo incondicional a Pablo, para su llegada al Senado Provincial, sabemos que va a defender al Dto. Belgrano, porque lo hemos visto trabajar, golpear puertas de la Casa Gris para defender los intereses de la ciudad\u201d.<br \/>\nSiguiendo la misma l\u00ednea de discurso Henn continu\u00f3, \u201cHay que tener una visi\u00f3n y una perspectiva de la provincia, que adem\u00e1s no sea una m\u00e1quina de impedir porque cuando la gente le da a alguien una herramienta, un poder para gobernar tambi\u00e9n le tiene que dar las herramientas necesarias, hoy estoy percibiendo a medida que va avanzando el tiempo, que hay una mayor consciencia de que queremos los santafesinos para el futuro, quienes nos van a representar en la pcia de Santa Fe en los pr\u00f3ximos cuatro a\u00f1os, quienes van a generar las pol\u00edticas educativas, quienes van a crear programas de inclusi\u00f3n como este gobierno lo est\u00e1 haciendo, quienes van a establecer programas de obra p{p\u00fablica a largo plazo\u201d. Gobernar no es joda, Gobernar es tener una perspectiva a mediano y largo plazo\u201d.<br \/>\nInforme Jorge Tagina, para Armstrong y Region.<\/p>\n","protected":false},"excerpt":{"rendered":"<p>El actual vice-gobernador y candidato a Diputado Pcial., por el Frente Progresista C\u00edvico y Social, brind\u00f3 una conferencia de prensa y dijo, \u201cVengo a esta ciudad a decir sin eufemismos que brindamos nuestro apoyo incondicional a Pablo, para su llegada al Senado Provincial, sabemos que va a defender al Dto. Belgrano, porque lo hemos visto <a href=\"https:\/\/armstrongyregion.com.ar\/diario\/jorge-henn-vino-a-armstrong-a-brindar-apoyo-a-verdecchia\/\" title=\"Read more\" >&#8230;<\/a><\/p>\n","protected":false},"author":2,"featured_media":2491,"comment_status":"open","ping_status":"open","sticky":false,"template":"","format":"standard","meta":{"_jetpack_memberships_contains_paid_content":false,"footnotes":"","jetpack_publicize_message":"","jetpack_publicize_feature_enabled":true,"jetpack_social_post_already_shared":false,"jetpack_social_options":{"image_generator_settings":{"template":"highway","default_image_id":0,"enabled":false},"version":2}},"categories":[1,2,7],"tags":[33,1422,1900,1899,205],"class_list":["post-2490","post","type-post","status-publish","format-standard","has-post-thumbnail","hentry","category-diario-armstrong","category-locales","category-politica","tag-a","tag-apoyo","tag-brindar","tag-jorge-henn-vino-a-armstrong","tag-verdecchia"],"jetpack_publicize_connections":[],"jetpack_featured_media_url":"https:\/\/armstrongyregion.com.ar\/diario\/wp-content\/uploads\/2015\/06\/IMG-20150604-WA0036.jpg","jetpack_shortlink":"https:\/\/wp.me\/p62QDO-Ea","jetpack_sharing_enabled":true,"amp_enabled":true,"_links":{"self":[{"href":"https:\/\/armstrongyregion.com.ar\/diario\/wp-json\/wp\/v2\/posts\/2490","targetHints":{"allow":["GET"]}}],"collection":[{"href":"https:\/\/armstrongyregion.com.ar\/diario\/wp-json\/wp\/v2\/posts"}],"about":[{"href":"https:\/\/armstrongyregion.com.ar\/diario\/wp-json\/wp\/v2\/types\/post"}],"author":[{"embeddable":true,"href":"https:\/\/armstrongyregion.com.ar\/diario\/wp-json\/wp\/v2\/users\/2"}],"replies":[{"embeddable":true,"href":"https:\/\/armstrongyregion.com.ar\/diario\/wp-json\/wp\/v2\/comments?post=2490"}],"version-history":[{"count":0,"href":"https:\/\/armstrongyregion.com.ar\/diario\/wp-json\/wp\/v2\/posts\/2490\/revisions"}],"wp:featuredmedia":[{"embeddable":true,"href":"https:\/\/armstrongyregion.com.ar\/diario\/wp-json\/wp\/v2\/media\/2491"}],"wp:attachment":[{"href":"https:\/\/armstrongyregion.com.ar\/diario\/wp-json\/wp\/v2\/media?parent=2490"}],"wp:term":[{"taxonomy":"category","embeddable":true,"href":"https:\/\/armstrongyregion.com.ar\/diario\/wp-json\/wp\/v2\/categories?post=2490"},{"taxonomy":"post_tag","embeddable":true,"href":"https:\/\/armstrongyregion.com.ar\/diario\/wp-json\/wp\/v2\/tags?post=2490"}],"curies":[{"name":"wp","href":"https:\/\/api.w.org\/{rel}","templated":true}]}}