{"id":24869,"date":"2020-02-27T14:33:44","date_gmt":"2020-02-27T14:33:44","guid":{"rendered":"https:\/\/armstrongyregion.com.ar\/diario\/?p=24869"},"modified":"2020-02-27T14:33:50","modified_gmt":"2020-02-27T14:33:50","slug":"muchos-armstronenses-en-el-paseo-peatonal","status":"publish","type":"post","link":"https:\/\/armstrongyregion.com.ar\/diario\/muchos-armstronenses-en-el-paseo-peatonal\/","title":{"rendered":"Muchos armstronenses en el paseo peatonal"},"content":{"rendered":"\n<figure class=\"wp-block-image size-large\"><img loading=\"lazy\" decoding=\"async\" width=\"768\" height=\"512\" src=\"http:\/\/armstrongyregion.com.ar\/diario\/wp-content\/uploads\/2020\/02\/nota_roldan_1.jpg\" alt=\"\" class=\"wp-image-24871\" srcset=\"https:\/\/armstrongyregion.com.ar\/diario\/wp-content\/uploads\/2020\/02\/nota_roldan_1.jpg 768w, https:\/\/armstrongyregion.com.ar\/diario\/wp-content\/uploads\/2020\/02\/nota_roldan_1-300x200.jpg 300w\" sizes=\"auto, (max-width: 768px) 100vw, 768px\" \/><\/figure>\n\n\n\n<p>Una importante cantidad de armstronenses participaron de la innovadora propuesta de la Secretar\u00eda de Educaci\u00f3n, Cultura y Deporte de la Municipalidad de Armstrong: calle Rold\u00e1n transformada en paseo peatonal.<\/p>\n\n\n\n<p>El evento se realiz\u00f3 el domingo 23 de febrero cuando comercios instalados en esa calle, entre Pio Chiodi y Fischer, pubs y marcas de cervezas artesanales de la ciudad que se sumaron, ofrecieron promociones especiales, diversidad de men\u00faes, descuentos y sorteos, entre otras propuestas.<\/p>\n\n\n\n<figure class=\"wp-block-image\"><img decoding=\"async\" src=\"http:\/\/www.armstrong.gov.ar\/2020\/images\/articulos2020\/nota_roldan_2.jpg\" alt=\"nota roldan 2\"\/><\/figure>\n\n\n\n<p>Ese tramo de nuestra ciudad se convirti\u00f3 en un verdadero paseo dominguero al que se acercaron muchas familias, grupos de amigos, y artistas, ya que se cont\u00f3 con la invalorable participaci\u00f3n de Luis Giorgi acompa\u00f1ado por Luciano Brasca y Leo Valentini con un homenaje al rock nacional, Juan Godoy, el d\u00fao Bevacqua integrado por Marichu Ferrero y Gerardo Boggino, Eugenia Di Pascuale. Sergio y Lara, integrantes de la Fundaci\u00f3n Bemba Color\u00e1, bailaron bachata y salsa, Los Gangaritos, la Escuela de Rock Armstrong a cargo del Prof. Daniel Moccicafreddo, y Kevin Boggino junto a Juan Fer y Luciano Brasca, Ayrton Boggino y Leila Musso cerraron la noche con \u00e9xitos de Fito Paez y Charly Garc\u00eda.<\/p>\n\n\n\n<figure class=\"wp-block-image\"><img decoding=\"async\" src=\"http:\/\/www.armstrong.gov.ar\/2020\/images\/articulos2020\/nota_roldan_3.jpg\" alt=\"nota roldan 3\"\/><\/figure>\n\n\n\n<figure class=\"wp-block-image\"><img decoding=\"async\" src=\"http:\/\/www.armstrong.gov.ar\/2020\/images\/articulos2020\/nota_roldan_4.jpg\" alt=\"nota roldan 4\"\/><\/figure>\n","protected":false},"excerpt":{"rendered":"<p>Muchos armstronenses en el paseo peatonal<\/p>\n","protected":false},"author":1,"featured_media":24871,"comment_status":"open","ping_status":"open","sticky":false,"template":"","format":"image","meta":{"_jetpack_memberships_contains_paid_content":false,"footnotes":"","jetpack_publicize_message":"","jetpack_publicize_feature_enabled":true,"jetpack_social_post_already_shared":true,"jetpack_social_options":{"image_generator_settings":{"template":"highway","default_image_id":0,"enabled":false},"version":2}},"categories":[8,1,2,7],"tags":[],"class_list":["post-24869","post","type-post","status-publish","format-image","has-post-thumbnail","hentry","category-deliberando","category-diario-armstrong","category-locales","category-politica","post_format-post-format-image"],"jetpack_publicize_connections":[],"jetpack_featured_media_url":"https:\/\/armstrongyregion.com.ar\/diario\/wp-content\/uploads\/2020\/02\/nota_roldan_1.jpg","jetpack_shortlink":"https:\/\/wp.me\/p62QDO-6t7","jetpack_sharing_enabled":true,"amp_enabled":true,"_links":{"self":[{"href":"https:\/\/armstrongyregion.com.ar\/diario\/wp-json\/wp\/v2\/posts\/24869","targetHints":{"allow":["GET"]}}],"collection":[{"href":"https:\/\/armstrongyregion.com.ar\/diario\/wp-json\/wp\/v2\/posts"}],"about":[{"href":"https:\/\/armstrongyregion.com.ar\/diario\/wp-json\/wp\/v2\/types\/post"}],"author":[{"embeddable":true,"href":"https:\/\/armstrongyregion.com.ar\/diario\/wp-json\/wp\/v2\/users\/1"}],"replies":[{"embeddable":true,"href":"https:\/\/armstrongyregion.com.ar\/diario\/wp-json\/wp\/v2\/comments?post=24869"}],"version-history":[{"count":1,"href":"https:\/\/armstrongyregion.com.ar\/diario\/wp-json\/wp\/v2\/posts\/24869\/revisions"}],"predecessor-version":[{"id":24872,"href":"https:\/\/armstrongyregion.com.ar\/diario\/wp-json\/wp\/v2\/posts\/24869\/revisions\/24872"}],"wp:featuredmedia":[{"embeddable":true,"href":"https:\/\/armstrongyregion.com.ar\/diario\/wp-json\/wp\/v2\/media\/24871"}],"wp:attachment":[{"href":"https:\/\/armstrongyregion.com.ar\/diario\/wp-json\/wp\/v2\/media?parent=24869"}],"wp:term":[{"taxonomy":"category","embeddable":true,"href":"https:\/\/armstrongyregion.com.ar\/diario\/wp-json\/wp\/v2\/categories?post=24869"},{"taxonomy":"post_tag","embeddable":true,"href":"https:\/\/armstrongyregion.com.ar\/diario\/wp-json\/wp\/v2\/tags?post=24869"}],"curies":[{"name":"wp","href":"https:\/\/api.w.org\/{rel}","templated":true}]}}