{"id":24863,"date":"2020-02-27T14:26:35","date_gmt":"2020-02-27T14:26:35","guid":{"rendered":"https:\/\/armstrongyregion.com.ar\/diario\/?p=24863"},"modified":"2020-02-27T14:26:41","modified_gmt":"2020-02-27T14:26:41","slug":"canada-de-gomez-hospital-y-municipio-trabajan-por-una-mejor-salud-publica","status":"publish","type":"post","link":"https:\/\/armstrongyregion.com.ar\/diario\/canada-de-gomez-hospital-y-municipio-trabajan-por-una-mejor-salud-publica\/","title":{"rendered":"Ca\u00f1ada de Gomez. Hospital y Municipio trabajan por una mejor Salud Publica."},"content":{"rendered":"\n<figure class=\"wp-block-image size-large\"><img loading=\"lazy\" decoding=\"async\" width=\"768\" height=\"432\" src=\"http:\/\/armstrongyregion.com.ar\/diario\/wp-content\/uploads\/2020\/02\/WhatsApp-Image-2020-02-14-at-12.22.35.jpeg\" alt=\"\" class=\"wp-image-24864\" srcset=\"https:\/\/armstrongyregion.com.ar\/diario\/wp-content\/uploads\/2020\/02\/WhatsApp-Image-2020-02-14-at-12.22.35.jpeg 768w, https:\/\/armstrongyregion.com.ar\/diario\/wp-content\/uploads\/2020\/02\/WhatsApp-Image-2020-02-14-at-12.22.35-300x169.jpeg 300w\" sizes=\"auto, (max-width: 768px) 100vw, 768px\" \/><\/figure>\n\n\n\n<p>\n\nHOSPITAL, MUNICIPIO E INSTITUCIONES PROFUNDIZAR\u00c1N TRABAJO CONJUNTO POR UNA MEJOR SALUD P\u00daBLICA<br>En el inicio de su gesti\u00f3n como director del Hospital Provincial San Jos\u00e9, el Dr. Gonzalo Rodr\u00edguez propici\u00f3 un encuentro de trabajo en el municipio, con la intendenta Stella Cl\u00e9rici e integrantes de las instituciones representadas en el Consejo Directivo del efector de salud.<\/p>\n\n\n\n<p>Como parte de sus primeras acciones, el nuevo director del Hospital Provincial San Jos\u00e9, Dr. Gonzalo Rodr\u00edguez, mantuvo un primer encuentro de trabajo en el municipio con la intendenta Stella Cl\u00e9rici &nbsp;y autoridades de las instituciones representadas en el Consejo Directivo.<br>En este sentido, Rodr\u00edguez expuso su plan de trabajo y cu\u00e1les ser\u00e1n los ejes de su gesti\u00f3n, en sinton\u00eda con el Ministerio de Salud de Santa Fe. Entre ellos hizo hincapi\u00e9 en \u201cfortalecer el rol de los Centros de Atenci\u00f3n Primaria de Salud para acercar el hospital a los barrios, as\u00ed como profundizar mejoras edilicias y en equipamiento del efector de salud\u201d. \u201cJunto a cada una de las instituciones promoveremos no solo iniciativas de prevenci\u00f3n sino mejorar el hospital para quienes necesitan de la atenci\u00f3n en salud p\u00fablica y tambi\u00e9n mejorar las condiciones a los trabajadores de los diferentes sectores\u201d, adelant\u00f3 Rodr\u00edguez.<br>Por su parte, la intendenta Cl\u00e9rici reafirm\u00f3 su vocaci\u00f3n de trabajo conjunto y compromiso \u201cpara continuar fortaleciendo y defendiendo la salud p\u00fablica de nuestra ciudad y la regi\u00f3n\u201d.\n\n<\/p>\n","protected":false},"excerpt":{"rendered":"<p>Ca\u00f1ada de Gomez. Hospital y Municipio trabajan por una mejor Salud Publica.<\/p>\n","protected":false},"author":1,"featured_media":24864,"comment_status":"open","ping_status":"open","sticky":false,"template":"","format":"image","meta":{"_jetpack_memberships_contains_paid_content":false,"footnotes":"","jetpack_publicize_message":"","jetpack_publicize_feature_enabled":true,"jetpack_social_post_already_shared":true,"jetpack_social_options":{"image_generator_settings":{"template":"highway","default_image_id":0,"enabled":false},"version":2}},"categories":[8,1,7,4,3],"tags":[],"class_list":["post-24863","post","type-post","status-publish","format-image","has-post-thumbnail","hentry","category-deliberando","category-diario-armstrong","category-politica","category-prevencion-salud","category-region","post_format-post-format-image"],"jetpack_publicize_connections":[],"jetpack_featured_media_url":"https:\/\/armstrongyregion.com.ar\/diario\/wp-content\/uploads\/2020\/02\/WhatsApp-Image-2020-02-14-at-12.22.35.jpeg","jetpack_shortlink":"https:\/\/wp.me\/p62QDO-6t1","jetpack_sharing_enabled":true,"amp_enabled":true,"_links":{"self":[{"href":"https:\/\/armstrongyregion.com.ar\/diario\/wp-json\/wp\/v2\/posts\/24863","targetHints":{"allow":["GET"]}}],"collection":[{"href":"https:\/\/armstrongyregion.com.ar\/diario\/wp-json\/wp\/v2\/posts"}],"about":[{"href":"https:\/\/armstrongyregion.com.ar\/diario\/wp-json\/wp\/v2\/types\/post"}],"author":[{"embeddable":true,"href":"https:\/\/armstrongyregion.com.ar\/diario\/wp-json\/wp\/v2\/users\/1"}],"replies":[{"embeddable":true,"href":"https:\/\/armstrongyregion.com.ar\/diario\/wp-json\/wp\/v2\/comments?post=24863"}],"version-history":[{"count":1,"href":"https:\/\/armstrongyregion.com.ar\/diario\/wp-json\/wp\/v2\/posts\/24863\/revisions"}],"predecessor-version":[{"id":24865,"href":"https:\/\/armstrongyregion.com.ar\/diario\/wp-json\/wp\/v2\/posts\/24863\/revisions\/24865"}],"wp:featuredmedia":[{"embeddable":true,"href":"https:\/\/armstrongyregion.com.ar\/diario\/wp-json\/wp\/v2\/media\/24864"}],"wp:attachment":[{"href":"https:\/\/armstrongyregion.com.ar\/diario\/wp-json\/wp\/v2\/media?parent=24863"}],"wp:term":[{"taxonomy":"category","embeddable":true,"href":"https:\/\/armstrongyregion.com.ar\/diario\/wp-json\/wp\/v2\/categories?post=24863"},{"taxonomy":"post_tag","embeddable":true,"href":"https:\/\/armstrongyregion.com.ar\/diario\/wp-json\/wp\/v2\/tags?post=24863"}],"curies":[{"name":"wp","href":"https:\/\/api.w.org\/{rel}","templated":true}]}}