{"id":24844,"date":"2020-02-25T15:50:24","date_gmt":"2020-02-25T15:50:24","guid":{"rendered":"https:\/\/armstrongyregion.com.ar\/diario\/?p=24844"},"modified":"2020-02-25T15:50:30","modified_gmt":"2020-02-25T15:50:30","slug":"armstrong-nueva-carrera-terciaria-economia-social-y-solidaria","status":"publish","type":"post","link":"https:\/\/armstrongyregion.com.ar\/diario\/armstrong-nueva-carrera-terciaria-economia-social-y-solidaria\/","title":{"rendered":"Armstrong. Nueva carrera terciaria: Econom\u00eda social y solidaria"},"content":{"rendered":"\n<figure class=\"wp-block-image size-large\"><img loading=\"lazy\" decoding=\"async\" width=\"768\" height=\"432\" src=\"http:\/\/armstrongyregion.com.ar\/diario\/wp-content\/uploads\/2020\/02\/foto_carrera_terciaria.jpg\" alt=\"\" class=\"wp-image-24845\" srcset=\"https:\/\/armstrongyregion.com.ar\/diario\/wp-content\/uploads\/2020\/02\/foto_carrera_terciaria.jpg 768w, https:\/\/armstrongyregion.com.ar\/diario\/wp-content\/uploads\/2020\/02\/foto_carrera_terciaria-300x169.jpg 300w\" sizes=\"auto, (max-width: 768px) 100vw, 768px\" \/><\/figure>\n\n\n\n<p>El Regente de la Escuela Sup. de Comercio N\u00b0 51 Prof. Carlos Mill\u00e1n, acompa\u00f1ado por la Sra. Brenda Carmona, promotora en econom\u00eda social y coordinadora general de la Oficina de Empleo de la Municipalidad de Armstrong, inform\u00f3 sobre la apertura de una nueva carrera de nivel terciario.<\/p>\n\n\n\n<p>Se trata de la Tecnicatura en Econom\u00eda social y solidaria, de tres a\u00f1os de duraci\u00f3n, con la modalidad de cursado presencial \u00f3 semipresencial, haciendo \u00e9nfasis en el desarrollo local y regional, con amplia salida laboral. Requisito: tener el nivel secundario completo.<\/p>\n\n\n\n<p>La misma fue diagramada por los equipos t\u00e9cnicos de los Ministerios&nbsp; de Producci\u00f3n y de Educaci\u00f3n de la Provincia de Santa Fe en base a la demanda del medio: formar a microemprendedores \u00f3 peque\u00f1os productores regionales para que adquieran conocimientos t\u00e9cnicos y emprender con \u00e9xito su empresa. C\u00f3mo comercializar su producto, costos, proyectos de inversi\u00f3n, etc., apuntando a tener una empresa sustentable.<\/p>\n\n\n\n<p>Teniendo en cuanta que la Municipalidad de Armstrong ofrece un espacio de econom\u00eda social a trav\u00e9s de Sabores y Colores Locales y diversos cursos de oficios, el objetivo es trabajar en conjunto con la escuela para formalizar la situaci\u00f3n de los emprendedores, d\u00e1ndoles a ellos y a todos los interesados esta nueva herramienta de capacitaci\u00f3n.<\/p>\n\n\n\n<p>La inscripci\u00f3n ya se encuentra abierta en la Escuela N\u00b0 51 hasta el 16 de marzo y es personalizada. Habr\u00e1 dos charlas previas obligatorias los d\u00edas 4 y 10 de marzo. Las clases se inician en abril.&nbsp; &nbsp;<\/p>\n","protected":false},"excerpt":{"rendered":"<p>Nueva carrera terciaria: Econom\u00eda social y solidaria<\/p>\n","protected":false},"author":1,"featured_media":24845,"comment_status":"open","ping_status":"open","sticky":false,"template":"","format":"image","meta":{"_jetpack_memberships_contains_paid_content":false,"footnotes":"","jetpack_publicize_message":"","jetpack_publicize_feature_enabled":true,"jetpack_social_post_already_shared":true,"jetpack_social_options":{"image_generator_settings":{"template":"highway","default_image_id":0,"enabled":false},"version":2}},"categories":[6,8,1,2,7],"tags":[],"class_list":["post-24844","post","type-post","status-publish","format-image","has-post-thumbnail","hentry","category-cultura-entretenimiento","category-deliberando","category-diario-armstrong","category-locales","category-politica","post_format-post-format-image"],"jetpack_publicize_connections":[],"jetpack_featured_media_url":"https:\/\/armstrongyregion.com.ar\/diario\/wp-content\/uploads\/2020\/02\/foto_carrera_terciaria.jpg","jetpack_shortlink":"https:\/\/wp.me\/p62QDO-6sI","jetpack_sharing_enabled":true,"amp_enabled":true,"_links":{"self":[{"href":"https:\/\/armstrongyregion.com.ar\/diario\/wp-json\/wp\/v2\/posts\/24844","targetHints":{"allow":["GET"]}}],"collection":[{"href":"https:\/\/armstrongyregion.com.ar\/diario\/wp-json\/wp\/v2\/posts"}],"about":[{"href":"https:\/\/armstrongyregion.com.ar\/diario\/wp-json\/wp\/v2\/types\/post"}],"author":[{"embeddable":true,"href":"https:\/\/armstrongyregion.com.ar\/diario\/wp-json\/wp\/v2\/users\/1"}],"replies":[{"embeddable":true,"href":"https:\/\/armstrongyregion.com.ar\/diario\/wp-json\/wp\/v2\/comments?post=24844"}],"version-history":[{"count":1,"href":"https:\/\/armstrongyregion.com.ar\/diario\/wp-json\/wp\/v2\/posts\/24844\/revisions"}],"predecessor-version":[{"id":24846,"href":"https:\/\/armstrongyregion.com.ar\/diario\/wp-json\/wp\/v2\/posts\/24844\/revisions\/24846"}],"wp:featuredmedia":[{"embeddable":true,"href":"https:\/\/armstrongyregion.com.ar\/diario\/wp-json\/wp\/v2\/media\/24845"}],"wp:attachment":[{"href":"https:\/\/armstrongyregion.com.ar\/diario\/wp-json\/wp\/v2\/media?parent=24844"}],"wp:term":[{"taxonomy":"category","embeddable":true,"href":"https:\/\/armstrongyregion.com.ar\/diario\/wp-json\/wp\/v2\/categories?post=24844"},{"taxonomy":"post_tag","embeddable":true,"href":"https:\/\/armstrongyregion.com.ar\/diario\/wp-json\/wp\/v2\/tags?post=24844"}],"curies":[{"name":"wp","href":"https:\/\/api.w.org\/{rel}","templated":true}]}}