{"id":24840,"date":"2020-02-25T15:47:32","date_gmt":"2020-02-25T15:47:32","guid":{"rendered":"https:\/\/armstrongyregion.com.ar\/diario\/?p=24840"},"modified":"2020-02-25T15:47:37","modified_gmt":"2020-02-25T15:47:37","slug":"canada-de-gomez-acto-por-el-242-aniversario-del-nacimiento-de-san-martin","status":"publish","type":"post","link":"https:\/\/armstrongyregion.com.ar\/diario\/canada-de-gomez-acto-por-el-242-aniversario-del-nacimiento-de-san-martin\/","title":{"rendered":"Ca\u00f1ada de G\u00f3mez. Acto por el 242\u00b0 Aniversario del nacimiento de San Mart\u00edn."},"content":{"rendered":"\n<figure class=\"wp-block-image size-large\"><img loading=\"lazy\" decoding=\"async\" width=\"768\" height=\"432\" src=\"http:\/\/armstrongyregion.com.ar\/diario\/wp-content\/uploads\/2020\/02\/WhatsApp-Image-2020-02-25-at-10.55.18.jpeg\" alt=\"\" class=\"wp-image-24841\" srcset=\"https:\/\/armstrongyregion.com.ar\/diario\/wp-content\/uploads\/2020\/02\/WhatsApp-Image-2020-02-25-at-10.55.18.jpeg 768w, https:\/\/armstrongyregion.com.ar\/diario\/wp-content\/uploads\/2020\/02\/WhatsApp-Image-2020-02-25-at-10.55.18-300x169.jpeg 300w\" sizes=\"auto, (max-width: 768px) 100vw, 768px\" \/><\/figure>\n\n\n\n<p>Autoridades municipales junto a Granaderos Reservistas rindieron homenaje en la plaza que lleva su nombre.<\/p>\n\n\n\n<p>Este martes la intendenta Stella Cl\u00e9rici junto a parte de su equipo de gobierno y Granaderos Reservistas &nbsp;rindieron homenaje al General Jos\u00e9 de San Mart\u00edn por cumplirse el 242\u00ba aniversario de su nacimiento.<\/p>\n\n\n\n<p>En el acto colocaron una ofrenda floral en la plaza que lleva su nombre, recordando el legado que dej\u00f3 el General San Mart\u00edn a todos los argentinos.<\/p>\n","protected":false},"excerpt":{"rendered":"<p>Ca\u00f1ada de G\u00f3mez. Acto por el 242\u00b0 Aniversario del nacimiento de San Mart\u00edn.<\/p>\n","protected":false},"author":1,"featured_media":24841,"comment_status":"open","ping_status":"open","sticky":false,"template":"","format":"image","meta":{"_jetpack_memberships_contains_paid_content":false,"footnotes":"","jetpack_publicize_message":"","jetpack_publicize_feature_enabled":true,"jetpack_social_post_already_shared":true,"jetpack_social_options":{"image_generator_settings":{"template":"highway","default_image_id":0,"enabled":false},"version":2}},"categories":[6,8,1,7,3],"tags":[],"class_list":["post-24840","post","type-post","status-publish","format-image","has-post-thumbnail","hentry","category-cultura-entretenimiento","category-deliberando","category-diario-armstrong","category-politica","category-region","post_format-post-format-image"],"jetpack_publicize_connections":[],"jetpack_featured_media_url":"https:\/\/armstrongyregion.com.ar\/diario\/wp-content\/uploads\/2020\/02\/WhatsApp-Image-2020-02-25-at-10.55.18.jpeg","jetpack_shortlink":"https:\/\/wp.me\/p62QDO-6sE","jetpack_sharing_enabled":true,"amp_enabled":true,"_links":{"self":[{"href":"https:\/\/armstrongyregion.com.ar\/diario\/wp-json\/wp\/v2\/posts\/24840","targetHints":{"allow":["GET"]}}],"collection":[{"href":"https:\/\/armstrongyregion.com.ar\/diario\/wp-json\/wp\/v2\/posts"}],"about":[{"href":"https:\/\/armstrongyregion.com.ar\/diario\/wp-json\/wp\/v2\/types\/post"}],"author":[{"embeddable":true,"href":"https:\/\/armstrongyregion.com.ar\/diario\/wp-json\/wp\/v2\/users\/1"}],"replies":[{"embeddable":true,"href":"https:\/\/armstrongyregion.com.ar\/diario\/wp-json\/wp\/v2\/comments?post=24840"}],"version-history":[{"count":1,"href":"https:\/\/armstrongyregion.com.ar\/diario\/wp-json\/wp\/v2\/posts\/24840\/revisions"}],"predecessor-version":[{"id":24843,"href":"https:\/\/armstrongyregion.com.ar\/diario\/wp-json\/wp\/v2\/posts\/24840\/revisions\/24843"}],"wp:featuredmedia":[{"embeddable":true,"href":"https:\/\/armstrongyregion.com.ar\/diario\/wp-json\/wp\/v2\/media\/24841"}],"wp:attachment":[{"href":"https:\/\/armstrongyregion.com.ar\/diario\/wp-json\/wp\/v2\/media?parent=24840"}],"wp:term":[{"taxonomy":"category","embeddable":true,"href":"https:\/\/armstrongyregion.com.ar\/diario\/wp-json\/wp\/v2\/categories?post=24840"},{"taxonomy":"post_tag","embeddable":true,"href":"https:\/\/armstrongyregion.com.ar\/diario\/wp-json\/wp\/v2\/tags?post=24840"}],"curies":[{"name":"wp","href":"https:\/\/api.w.org\/{rel}","templated":true}]}}