{"id":24836,"date":"2020-02-24T22:35:52","date_gmt":"2020-02-24T22:35:52","guid":{"rendered":"https:\/\/armstrongyregion.com.ar\/diario\/?p=24836"},"modified":"2020-02-24T22:38:40","modified_gmt":"2020-02-24T22:38:40","slug":"miles-de-personas-disfrutaron-de-canada-de-carnaval","status":"publish","type":"post","link":"https:\/\/armstrongyregion.com.ar\/diario\/miles-de-personas-disfrutaron-de-canada-de-carnaval\/","title":{"rendered":"Miles de personas disfrutaron del Carnaval en Ca\u00f1ada."},"content":{"rendered":"\n<figure class=\"wp-block-image size-large\"><img loading=\"lazy\" decoding=\"async\" width=\"768\" height=\"373\" src=\"http:\/\/armstrongyregion.com.ar\/diario\/wp-content\/uploads\/2020\/02\/87510525_2712591282156888_3914170895626665984_o.jpg\" alt=\"\" class=\"wp-image-24837\" srcset=\"https:\/\/armstrongyregion.com.ar\/diario\/wp-content\/uploads\/2020\/02\/87510525_2712591282156888_3914170895626665984_o.jpg 768w, https:\/\/armstrongyregion.com.ar\/diario\/wp-content\/uploads\/2020\/02\/87510525_2712591282156888_3914170895626665984_o-300x146.jpg 300w\" sizes=\"auto, (max-width: 768px) 100vw, 768px\" \/><\/figure>\n\n\n\n<p>La iniciativa de la gesti\u00f3n municipal junto a los clubes moviliz\u00f3 este s\u00e1bado y domingo a miles de ca\u00f1adenses hasta Plaza San Mart\u00edn, con la participaci\u00f3n comparsas y batucadas de la ciudad y el multitudinario cierre de \u201cLos Caligaris\u201d y \u201cFondo Blanco\u201d.<\/p>\n\n\n\n<p>La gesti\u00f3n municipal de la intendenta Stella Cl\u00e9rici junto a los clubes de la ciudad, instituciones y vecinales llev\u00f3 adelante un nuevo a\u00f1o de Ca\u00f1ada de Carnaval, con miles de personas que se convocaron en Plaza San Mart\u00edn, durante s\u00e1bado y domingo.<\/p>\n\n\n\n<p>La jornada inici\u00f3 en Plaza de las Colectividades&nbsp; y desde all\u00ed partieron rumbo a Plaza San Mart\u00edn las comparsas \u00abSuden\u00bb, \u00abKatumbek\u00bb, \u00abBailarinas Arand\u00f9\u00bb y \u00abReciclados del Clown\u00bb y las batucadas \u00abLos Fantasmas del Carnaval\u00bb, \u00abLa Vierja Escuela\u00bb y \u00abBater\u00eda la Nueva Era\u00bb, con el p\u00fablico acompa\u00f1ando con entusiasmo su paso por boulevard Balcarce hasta el final de su recorrido, mientras que el s\u00e1bado finaliz\u00f3 con la presentaci\u00f3n de Camila Traggiai\u201d y \u201cLos Caligaris\u201d y el domingo \u201cFondo Blanco\u201d.<\/p>\n\n\n\n<p>\u201cUna de las mayores satisfacciones de la gesti\u00f3n es poder compartir la alegr\u00eda de nuestra gente. Las comparsas, los clubes y la Municipalidad, hemos trabajado tanto juntos para lograr esta celebraci\u00f3n de todos, que me llena de emoci\u00f3n\u201d, expres\u00f3 la intendenta Cl\u00e9rici.<\/p>\n","protected":false},"excerpt":{"rendered":"<p>Miles de personas disfrutaron de Ca\u00f1ada de Carnaval.<\/p>\n","protected":false},"author":1,"featured_media":24837,"comment_status":"open","ping_status":"open","sticky":false,"template":"","format":"image","meta":{"_jetpack_memberships_contains_paid_content":false,"footnotes":"","jetpack_publicize_message":"","jetpack_publicize_feature_enabled":true,"jetpack_social_post_already_shared":true,"jetpack_social_options":{"image_generator_settings":{"template":"highway","default_image_id":0,"enabled":false},"version":2}},"categories":[8,1,7,3],"tags":[],"class_list":["post-24836","post","type-post","status-publish","format-image","has-post-thumbnail","hentry","category-deliberando","category-diario-armstrong","category-politica","category-region","post_format-post-format-image"],"jetpack_publicize_connections":[],"jetpack_featured_media_url":"https:\/\/armstrongyregion.com.ar\/diario\/wp-content\/uploads\/2020\/02\/87510525_2712591282156888_3914170895626665984_o.jpg","jetpack_shortlink":"https:\/\/wp.me\/p62QDO-6sA","jetpack_sharing_enabled":true,"amp_enabled":true,"_links":{"self":[{"href":"https:\/\/armstrongyregion.com.ar\/diario\/wp-json\/wp\/v2\/posts\/24836","targetHints":{"allow":["GET"]}}],"collection":[{"href":"https:\/\/armstrongyregion.com.ar\/diario\/wp-json\/wp\/v2\/posts"}],"about":[{"href":"https:\/\/armstrongyregion.com.ar\/diario\/wp-json\/wp\/v2\/types\/post"}],"author":[{"embeddable":true,"href":"https:\/\/armstrongyregion.com.ar\/diario\/wp-json\/wp\/v2\/users\/1"}],"replies":[{"embeddable":true,"href":"https:\/\/armstrongyregion.com.ar\/diario\/wp-json\/wp\/v2\/comments?post=24836"}],"version-history":[{"count":2,"href":"https:\/\/armstrongyregion.com.ar\/diario\/wp-json\/wp\/v2\/posts\/24836\/revisions"}],"predecessor-version":[{"id":24839,"href":"https:\/\/armstrongyregion.com.ar\/diario\/wp-json\/wp\/v2\/posts\/24836\/revisions\/24839"}],"wp:featuredmedia":[{"embeddable":true,"href":"https:\/\/armstrongyregion.com.ar\/diario\/wp-json\/wp\/v2\/media\/24837"}],"wp:attachment":[{"href":"https:\/\/armstrongyregion.com.ar\/diario\/wp-json\/wp\/v2\/media?parent=24836"}],"wp:term":[{"taxonomy":"category","embeddable":true,"href":"https:\/\/armstrongyregion.com.ar\/diario\/wp-json\/wp\/v2\/categories?post=24836"},{"taxonomy":"post_tag","embeddable":true,"href":"https:\/\/armstrongyregion.com.ar\/diario\/wp-json\/wp\/v2\/tags?post=24836"}],"curies":[{"name":"wp","href":"https:\/\/api.w.org\/{rel}","templated":true}]}}