{"id":2483,"date":"2015-06-04T11:59:42","date_gmt":"2015-06-04T11:59:42","guid":{"rendered":"https:\/\/armstrongyregion.com.ar\/diario\/?p=2483"},"modified":"2015-06-04T14:11:05","modified_gmt":"2015-06-04T14:11:05","slug":"armstrong-exitosa-convocatoria-a-la-lucha-contra-la-violencia-de-genero","status":"publish","type":"post","link":"https:\/\/armstrongyregion.com.ar\/diario\/armstrong-exitosa-convocatoria-a-la-lucha-contra-la-violencia-de-genero\/","title":{"rendered":"Armstrong. Exitosa convocatoria a la lucha contra la violencia de g\u00e9nero."},"content":{"rendered":"<p>El pasado mi\u00e9rcoles de 3 junio, a partir de las 19hs el sal\u00f3n Delmo Dar\u00f3 de la municipalidad de Armstrong, fue el lugar elegido por decenas de mujeres para participar de la convocatoria nacional #Ni una menos.<br \/>\nLas profesionales Gabriela Rojas y Romina Bergani psic\u00f3logas junto a la Dra. Natalia Gonz\u00e1lez abogada, realizaron una breve reflexi\u00f3n sobre esta tem\u00e1tica, para luego interactuar, asesorar, erradicar dudas e informar a los integrantes de un auditorio colmado.<br \/>\nLa secret. de Salud y Promoci\u00f3n Comunitaria Graciela Bacci tambi\u00e9n se encontraba presente junto a su equipo de trabajo, quienes contienen y asesoran a mujeres que han vivenciado o conviven en algunos casos con violencia de g\u00e9nero.<br \/>\nLa ley est\u00e1 reglamentada pero no se aplica, no tiene presupuesto, es como si no existiera. Es uno de los reclamos que se escucharon en el d\u00eda de ayer en el acto de #NiUnaMenos ante el Congreso y en m\u00e1s de cien ciudades de todo el pa\u00eds. La enorme convocatoria traspas\u00f3 las fronteras y tambi\u00e9n hubo #NiUnaMenos en Santiago de Chile, Montevideo y Miami.<br \/>\nLas adhesiones fueron miles: los ministros de salud y educaci\u00f3n, organizaciones no gubernamentales, escritores, deportistas, artistas, familiares de v\u00edctimas, famosos de todo tipo: desde Susana Gim\u00e9nez y Moria Cas\u00e1n hasta Silvio Rodr\u00edguez y las Abuelas de Plaza de Mayo. Es que #Ni una menos es mucho m\u00e1s que un pedido de militantes feministas.<\/p>\n","protected":false},"excerpt":{"rendered":"<p>El pasado mi\u00e9rcoles de 3 junio, a partir de las 19hs el sal\u00f3n Delmo Dar\u00f3 de la municipalidad de Armstrong, fue el lugar elegido por decenas de mujeres para participar de la convocatoria nacional #Ni una menos. Las profesionales Gabriela Rojas y Romina Bergani psic\u00f3logas junto a la Dra. Natalia Gonz\u00e1lez abogada, realizaron una breve <a href=\"https:\/\/armstrongyregion.com.ar\/diario\/armstrong-exitosa-convocatoria-a-la-lucha-contra-la-violencia-de-genero\/\" title=\"Read more\" >&#8230;<\/a><\/p>\n","protected":false},"author":2,"featured_media":2484,"comment_status":"open","ping_status":"open","sticky":false,"template":"","format":"standard","meta":{"_jetpack_memberships_contains_paid_content":false,"footnotes":"","jetpack_publicize_message":"","jetpack_publicize_feature_enabled":true,"jetpack_social_post_already_shared":false,"jetpack_social_options":{"image_generator_settings":{"template":"highway","default_image_id":0,"enabled":false},"version":2}},"categories":[1,2,4],"tags":[33,20,1161,451,19,1159,1898,31,1888,1897],"class_list":["post-2483","post","type-post","status-publish","format-standard","has-post-thumbnail","hentry","category-diario-armstrong","category-locales","category-prevencion-salud","tag-a","tag-armstrong","tag-contra","tag-convocatoria","tag-de","tag-exitosa","tag-genero","tag-la","tag-lucha","tag-violencia"],"jetpack_publicize_connections":[],"jetpack_featured_media_url":"https:\/\/armstrongyregion.com.ar\/diario\/wp-content\/uploads\/2015\/06\/11407221_10207028751547444_3837182348622519403_n.jpg","jetpack_shortlink":"https:\/\/wp.me\/p62QDO-E3","jetpack_sharing_enabled":true,"amp_enabled":true,"_links":{"self":[{"href":"https:\/\/armstrongyregion.com.ar\/diario\/wp-json\/wp\/v2\/posts\/2483","targetHints":{"allow":["GET"]}}],"collection":[{"href":"https:\/\/armstrongyregion.com.ar\/diario\/wp-json\/wp\/v2\/posts"}],"about":[{"href":"https:\/\/armstrongyregion.com.ar\/diario\/wp-json\/wp\/v2\/types\/post"}],"author":[{"embeddable":true,"href":"https:\/\/armstrongyregion.com.ar\/diario\/wp-json\/wp\/v2\/users\/2"}],"replies":[{"embeddable":true,"href":"https:\/\/armstrongyregion.com.ar\/diario\/wp-json\/wp\/v2\/comments?post=2483"}],"version-history":[{"count":0,"href":"https:\/\/armstrongyregion.com.ar\/diario\/wp-json\/wp\/v2\/posts\/2483\/revisions"}],"wp:featuredmedia":[{"embeddable":true,"href":"https:\/\/armstrongyregion.com.ar\/diario\/wp-json\/wp\/v2\/media\/2484"}],"wp:attachment":[{"href":"https:\/\/armstrongyregion.com.ar\/diario\/wp-json\/wp\/v2\/media?parent=2483"}],"wp:term":[{"taxonomy":"category","embeddable":true,"href":"https:\/\/armstrongyregion.com.ar\/diario\/wp-json\/wp\/v2\/categories?post=2483"},{"taxonomy":"post_tag","embeddable":true,"href":"https:\/\/armstrongyregion.com.ar\/diario\/wp-json\/wp\/v2\/tags?post=2483"}],"curies":[{"name":"wp","href":"https:\/\/api.w.org\/{rel}","templated":true}]}}