{"id":24804,"date":"2020-02-21T15:27:14","date_gmt":"2020-02-21T15:27:14","guid":{"rendered":"https:\/\/armstrongyregion.com.ar\/diario\/?p=24804"},"modified":"2020-02-21T15:27:21","modified_gmt":"2020-02-21T15:27:21","slug":"perotti-se-reunio-con-alberto-fernandez-y-funcionarios-nacionales","status":"publish","type":"post","link":"https:\/\/armstrongyregion.com.ar\/diario\/perotti-se-reunio-con-alberto-fernandez-y-funcionarios-nacionales\/","title":{"rendered":"Perotti se reuni\u00f3 con Alberto Fern\u00e1ndez  y funcionarios nacionales"},"content":{"rendered":"\n<figure class=\"wp-block-image size-large\"><img loading=\"lazy\" decoding=\"async\" width=\"768\" height=\"432\" src=\"http:\/\/armstrongyregion.com.ar\/diario\/wp-content\/uploads\/2020\/02\/2020-02-20NID_267105O_1.jpeg\" alt=\"\" class=\"wp-image-24805\" srcset=\"https:\/\/armstrongyregion.com.ar\/diario\/wp-content\/uploads\/2020\/02\/2020-02-20NID_267105O_1.jpeg 768w, https:\/\/armstrongyregion.com.ar\/diario\/wp-content\/uploads\/2020\/02\/2020-02-20NID_267105O_1-300x169.jpeg 300w\" sizes=\"auto, (max-width: 768px) 100vw, 768px\" \/><\/figure>\n\n\n\n<p>\n\nEl gobernador Omar Perotti particip\u00f3 en Buenos Aires del relanzamiento del programa REMEDIAR con el presidente de la Naci\u00f3n y el ministro de Salud, Gin\u00e9s Gonz\u00e1lez Garc\u00eda, en la quinta de Olivos. Tambi\u00e9n llev\u00f3 adelante una jornada de trabajo en Buenos Aires donde se reuni\u00f3 con el ministro de Transporte de la Naci\u00f3n, Mario Meoni, y el secretario de Obras P\u00fablicas, Mart\u00edn Gil.<br>La jornada comenz\u00f3 con un encuentro de trabajo que el gobernador, junto al intendente de Rosario, Pablo Javkin, tuvieron con el secretario de Obras P\u00fablicas de la Naci\u00f3n, Mart\u00edn Gil, con el objetivo de avanzar en las obras de puesta en valor del Monumento a la Bandera.<\/p>\n\n\n\n<p>\u00abHa sido una reuni\u00f3n muy buena. Una jornada de trabajo que es la continuaci\u00f3n de las que arrancaron los primeros d\u00edas de nuestra gesti\u00f3n y sigui\u00f3 con la visita del ministro Katopodis en nuestra provincia\u00bb, afirm\u00f3 el gobernador luego del encuentro.<\/p>\n\n\n\n<p>De la reuni\u00f3n participaron tambi\u00e9n la ministra de Infraestructura, Servicios Publicos y H\u00e1bitat de Santa Fe, Silvina Frana, miembros del equipo t\u00e9cnico de la secretar\u00eda nacional, as\u00ed como los representantes de la empresa responsable de las obras.<\/p>\n\n\n\n<p>Luego, Perotti, acompa\u00f1ado por la ministra de Ambiente y Cambio Clim\u00e1tico de Santa Fe, Erika Gonnet, se reuni\u00f3 tambi\u00e9n con el ministro Meoni, donde, entre otros temas, trataron la continuidad del biodiesel como parte de los programas de transporte.<\/p>\n\n\n\n<p>\u00abM\u00e1s all\u00e1 de que Santa Fe es una provincia productora queremos que tenga una pol\u00edtica ambiental, en el cual el biocombustible es un elemento clave para ese logro\u00bb, manifest\u00f3 el primer mandatario provincial.<\/p>\n\n\n\n<p>Por su parte, Gonnet indic\u00f3 que \u00abel ministro de Transporte tiene en agenda el tema de Transporte Sustentable y el uso de biocombustible en el transporte de pasajeros. Se plante\u00f3 una agenda com\u00fan, con eje central en el biocombustible, de relevancia en nuestra provincia donde se concentra la mayor producci\u00f3n del pa\u00eds\u00bb.<\/p>\n\n\n\n<p>M\u00e1s tarde, particip\u00f3 de la recepci\u00f3n por el d\u00eda nacional del Estado de Kuwait, donde Perotti salud\u00f3 al embajador en Argentina, Abdullah Ali A. Alyahya, y destac\u00f3 el v\u00ednculo comercial y las inversiones del pa\u00eds asi\u00e1tico en Santa Fe.<\/p>\n\n\n\n<p>Para cerrar la jornada, en la quinta presidencial de Olivos, el gobernador santafesino estuvo presente en el relanzamiento por parte del presidente Alberto Fern\u00e1ndez y del ministro de Salud de la Naci\u00f3n, Gin\u00e9s Gonz\u00e1les Garc\u00eda, del programa REMEDIAR.\n\n<\/p>\n","protected":false},"excerpt":{"rendered":"<p>Perotti se reuni\u00f3 con Alberto Fern\u00e1ndez<br \/>\ny funcionarios nacionales <\/p>\n","protected":false},"author":1,"featured_media":24805,"comment_status":"open","ping_status":"open","sticky":false,"template":"","format":"image","meta":{"_jetpack_memberships_contains_paid_content":false,"footnotes":"","jetpack_publicize_message":"","jetpack_publicize_feature_enabled":true,"jetpack_social_post_already_shared":true,"jetpack_social_options":{"image_generator_settings":{"template":"highway","default_image_id":0,"enabled":false},"version":2}},"categories":[8,1,7,3],"tags":[],"class_list":["post-24804","post","type-post","status-publish","format-image","has-post-thumbnail","hentry","category-deliberando","category-diario-armstrong","category-politica","category-region","post_format-post-format-image"],"jetpack_publicize_connections":[],"jetpack_featured_media_url":"https:\/\/armstrongyregion.com.ar\/diario\/wp-content\/uploads\/2020\/02\/2020-02-20NID_267105O_1.jpeg","jetpack_shortlink":"https:\/\/wp.me\/p62QDO-6s4","jetpack_sharing_enabled":true,"amp_enabled":true,"_links":{"self":[{"href":"https:\/\/armstrongyregion.com.ar\/diario\/wp-json\/wp\/v2\/posts\/24804","targetHints":{"allow":["GET"]}}],"collection":[{"href":"https:\/\/armstrongyregion.com.ar\/diario\/wp-json\/wp\/v2\/posts"}],"about":[{"href":"https:\/\/armstrongyregion.com.ar\/diario\/wp-json\/wp\/v2\/types\/post"}],"author":[{"embeddable":true,"href":"https:\/\/armstrongyregion.com.ar\/diario\/wp-json\/wp\/v2\/users\/1"}],"replies":[{"embeddable":true,"href":"https:\/\/armstrongyregion.com.ar\/diario\/wp-json\/wp\/v2\/comments?post=24804"}],"version-history":[{"count":1,"href":"https:\/\/armstrongyregion.com.ar\/diario\/wp-json\/wp\/v2\/posts\/24804\/revisions"}],"predecessor-version":[{"id":24806,"href":"https:\/\/armstrongyregion.com.ar\/diario\/wp-json\/wp\/v2\/posts\/24804\/revisions\/24806"}],"wp:featuredmedia":[{"embeddable":true,"href":"https:\/\/armstrongyregion.com.ar\/diario\/wp-json\/wp\/v2\/media\/24805"}],"wp:attachment":[{"href":"https:\/\/armstrongyregion.com.ar\/diario\/wp-json\/wp\/v2\/media?parent=24804"}],"wp:term":[{"taxonomy":"category","embeddable":true,"href":"https:\/\/armstrongyregion.com.ar\/diario\/wp-json\/wp\/v2\/categories?post=24804"},{"taxonomy":"post_tag","embeddable":true,"href":"https:\/\/armstrongyregion.com.ar\/diario\/wp-json\/wp\/v2\/tags?post=24804"}],"curies":[{"name":"wp","href":"https:\/\/api.w.org\/{rel}","templated":true}]}}