{"id":2480,"date":"2015-06-04T01:38:44","date_gmt":"2015-06-04T01:38:44","guid":{"rendered":"https:\/\/armstrongyregion.com.ar\/diario\/?p=2480"},"modified":"2015-06-04T01:38:44","modified_gmt":"2015-06-04T01:38:44","slug":"eduardo-camano-estuvo-en-armstrong","status":"publish","type":"post","link":"https:\/\/armstrongyregion.com.ar\/diario\/eduardo-camano-estuvo-en-armstrong\/","title":{"rendered":"Eduardo Cama\u00f1o estuvo en Armstrong."},"content":{"rendered":"<p><a href=\"http:\/\/armstrongyregion.com.ar\/diario\/wp-content\/uploads\/2015\/06\/IMG-20150603-WA0061.jpg\"><img loading=\"lazy\" decoding=\"async\" class=\"alignnone size-medium wp-image-2481\" src=\"http:\/\/armstrongyregion.com.ar\/diario\/wp-content\/uploads\/2015\/06\/IMG-20150603-WA0061-300x168.jpg\" alt=\"Frente Ciudadano\" width=\"300\" height=\"168\" srcset=\"https:\/\/armstrongyregion.com.ar\/diario\/wp-content\/uploads\/2015\/06\/IMG-20150603-WA0061-300x168.jpg 300w, https:\/\/armstrongyregion.com.ar\/diario\/wp-content\/uploads\/2015\/06\/IMG-20150603-WA0061-1024x575.jpg 1024w, https:\/\/armstrongyregion.com.ar\/diario\/wp-content\/uploads\/2015\/06\/IMG-20150603-WA0061.jpg 1280w\" sizes=\"auto, (max-width: 300px) 100vw, 300px\" \/><\/a>El ex-presidente de la C\u00e1mara de Diputados de la Naci\u00f3n y actual Secretario de Coordinaci\u00f3n Institucional del Gno. De la Pcia. de Bs As, el hombre que estuvo a cargo del Poder Ejecutivo Nacional, el 30 de diciembre del 2001 al 2 de enero del 2002, sucediendo a Adolfo Rodr\u00edguezSaa y antecediendo a Eduardo Duhalde, en aquellos convulsionados d\u00edas, desde lo pol\u00edtico e institucional, vividos all\u00e1 por diciembre de 2001.<br \/>\nCama\u00f1o particip\u00f3 en el local partidario de Frente Ciudadano, junto a Rub\u00e9n y Ariel Montapponi, Guillermo Cornaglia y otros referentes del justicialismo zonal. En contacto con la prensa y en este contexto le dec\u00eda a Armstrong y Region, \u201cToda elecci\u00f3n nacional, se vive con la intensidad de un hombre, como yo, que ha trabajado en pol\u00edtica desde los 16 a\u00f1os, tengo 69, te podes imaginar, se vive bien, porque estamos llevando adelante lo que todos los hombres de la pol\u00edtica y el pa\u00eds merecen, que es tener elecciones democr\u00e1ticas en poco tiempo y elegir un nuevo Presidente en el Pa\u00eds\u201d.<br \/>\nContinu\u00f3, \u201cEstamos trabajando porque la sociedad participe activamente, m\u00e1s all\u00e1 de lo que signifique la vida pol\u00edtica como tal, en reuniones de este tipo, a mi me agrada mucho, porque me permite una cercan\u00eda con la sociedad\u201d.<br \/>\nEs una alegr\u00eda, saber que la gente participa, porque nos estamos yendo algunos, pero otros m\u00e1s est\u00e1n llegando\u201d.<br \/>\nCama\u00f1o finaliz\u00f3, \u201cEste Gno nacional, ha trabajado mucho para que los j\u00f3venes est\u00e9n en movimiento y Daniel Scioli, va a continuar con este proyecto de pa\u00eds adapt\u00e1ndolo a la din\u00e1mica del mundo, pero esto no debe cambiar los ejes centrales que llevaron adelante N\u00e9stor Kirchner y Cristina Fern\u00e1ndez de Kirchner\u201d.<br \/>\nInforme, Jorge Tagina.<\/p>\n","protected":false},"excerpt":{"rendered":"<p>El ex-presidente de la C\u00e1mara de Diputados de la Naci\u00f3n y actual Secretario de Coordinaci\u00f3n Institucional del Gno. De la Pcia. de Bs As, el hombre que estuvo a cargo del Poder Ejecutivo Nacional, el 30 de diciembre del 2001 al 2 de enero del 2002, sucediendo a Adolfo Rodr\u00edguezSaa y antecediendo a Eduardo Duhalde, <a href=\"https:\/\/armstrongyregion.com.ar\/diario\/eduardo-camano-estuvo-en-armstrong\/\" title=\"Read more\" >&#8230;<\/a><\/p>\n","protected":false},"author":2,"featured_media":2481,"comment_status":"open","ping_status":"open","sticky":false,"template":"","format":"standard","meta":{"_jetpack_memberships_contains_paid_content":false,"footnotes":"","jetpack_publicize_message":"","jetpack_publicize_feature_enabled":true,"jetpack_social_post_already_shared":false,"jetpack_social_options":{"image_generator_settings":{"template":"highway","default_image_id":0,"enabled":false},"version":2}},"categories":[1,2,7],"tags":[20,1896,15,961],"class_list":["post-2480","post","type-post","status-publish","format-standard","has-post-thumbnail","hentry","category-diario-armstrong","category-locales","category-politica","tag-armstrong","tag-eduardo-camano","tag-en","tag-estuvo"],"jetpack_publicize_connections":[],"jetpack_featured_media_url":"https:\/\/armstrongyregion.com.ar\/diario\/wp-content\/uploads\/2015\/06\/IMG-20150603-WA0061.jpg","jetpack_shortlink":"https:\/\/wp.me\/p62QDO-E0","jetpack_sharing_enabled":true,"amp_enabled":true,"_links":{"self":[{"href":"https:\/\/armstrongyregion.com.ar\/diario\/wp-json\/wp\/v2\/posts\/2480","targetHints":{"allow":["GET"]}}],"collection":[{"href":"https:\/\/armstrongyregion.com.ar\/diario\/wp-json\/wp\/v2\/posts"}],"about":[{"href":"https:\/\/armstrongyregion.com.ar\/diario\/wp-json\/wp\/v2\/types\/post"}],"author":[{"embeddable":true,"href":"https:\/\/armstrongyregion.com.ar\/diario\/wp-json\/wp\/v2\/users\/2"}],"replies":[{"embeddable":true,"href":"https:\/\/armstrongyregion.com.ar\/diario\/wp-json\/wp\/v2\/comments?post=2480"}],"version-history":[{"count":0,"href":"https:\/\/armstrongyregion.com.ar\/diario\/wp-json\/wp\/v2\/posts\/2480\/revisions"}],"wp:featuredmedia":[{"embeddable":true,"href":"https:\/\/armstrongyregion.com.ar\/diario\/wp-json\/wp\/v2\/media\/2481"}],"wp:attachment":[{"href":"https:\/\/armstrongyregion.com.ar\/diario\/wp-json\/wp\/v2\/media?parent=2480"}],"wp:term":[{"taxonomy":"category","embeddable":true,"href":"https:\/\/armstrongyregion.com.ar\/diario\/wp-json\/wp\/v2\/categories?post=2480"},{"taxonomy":"post_tag","embeddable":true,"href":"https:\/\/armstrongyregion.com.ar\/diario\/wp-json\/wp\/v2\/tags?post=2480"}],"curies":[{"name":"wp","href":"https:\/\/api.w.org\/{rel}","templated":true}]}}