{"id":24784,"date":"2020-02-20T12:10:06","date_gmt":"2020-02-20T12:10:06","guid":{"rendered":"https:\/\/armstrongyregion.com.ar\/diario\/?p=24784"},"modified":"2020-02-20T12:10:12","modified_gmt":"2020-02-20T12:10:12","slug":"el-gobernador-encabezo-un-encuentro-con-la-corte-suprema-de-justicia-de-santa-fe","status":"publish","type":"post","link":"https:\/\/armstrongyregion.com.ar\/diario\/el-gobernador-encabezo-un-encuentro-con-la-corte-suprema-de-justicia-de-santa-fe\/","title":{"rendered":"El gobernador encabez\u00f3 un encuentro con la Corte Suprema de Justicia de Santa Fe"},"content":{"rendered":"\n\n\n<p>Se trat\u00f3 del primer encuentro institucional entre ambos poderes. \u201cCuanta m\u00e1s informaci\u00f3n sobre la situaci\u00f3n de la provincia tenga cada uno de los poderes, seguramente cada uno podr\u00e1 actuar con mejor y mayor criterio\u201d, sostuvo Perotti.<\/p>\n\n\n\n<p>Este martes, el gobernador de la provincia, Omar Perotti, junto a los ministros de Gobierno, Justicia y Derechos Humanos, Esteban Borgonovo, y de Gesti\u00f3n P\u00fablica, Rub\u00e9n Michlig, mantuvo una primera reuni\u00f3n institucional con miembros del Poder Judicial de la provincia.<\/p>\n\n\n\n<p>\u201cEsta fue una reuni\u00f3n necesaria, cuanta m\u00e1s informaci\u00f3n sobre la situaci\u00f3n de la provincia tenga cada uno de los poderes, seguramente cada uno de ellos podr\u00e1 actuar con mejor y mayor criterio frente a esa informaci\u00f3n. Y creo que es nuestra tarea brindarla, ponerla a disposici\u00f3n\u201d, afirm\u00f3 el gobernador.<\/p>\n\n\n\n<p>\u201cPoner en claro en d\u00f3nde estamos parados &#8211; continu\u00f3 Perotti- por qu\u00e9 estamos en esta situaci\u00f3n, c\u00f3mo pensamos salir, c\u00f3mo pensamos que un proyecto que ya est\u00e1 en la Legislatura puede ser una herramienta importante para el mejor funcionamiento de la provincia y para que los santafesinos tengan la posibilidad de que en esta situaci\u00f3n dif\u00edcil, puedan sobreponerse de la mejor manera, ha sido parte tambi\u00e9n de la charla. Ojal\u00e1 haya mucho m\u00e1s di\u00e1logo y si hay acciones o procedimientos que podamos mejorar, lo hacemos\u201d.<\/p>\n\n\n\n<p>\u201cEs bueno que la gente lo sepa claramente sin vueltas, porque as\u00ed todos saben desde donde se arranca, donde estamos parados, pero tambi\u00e9n estoy plenamente convencido que la provincia va a salir adelante. Sincerar esta situaci\u00f3n, pedir la colaboraci\u00f3n de la Legislatura sin duda nos va a ayudar a sortear esta situaci\u00f3n adversa de la mejor manera\u201d, ampli\u00f3 el titular de la casa gris.<\/p>\n\n\n\n<p>Para finalizar, el gobernador agreg\u00f3: \u201cyo soy optimista, no solo tenemos vocaci\u00f3n de di\u00e1logo y expectativas positivas, sino que creemos que es el camino real, el de sincerar las variables, para que esta Santa Fe se pueda poner en marcha, c\u00f3mo otras veces lo ha estado y que sea la provincia que sentimos, una provincia que tienen que ser el motor de la recuperaci\u00f3n de la Argentina\u201d.<\/p>\n\n\n\n<p>Por su parte, Rafael Guti\u00e9rrez indic\u00f3 que \u201cfue una reuni\u00f3n importante, analizamos todos los temas, primero el gobernador dio un informe de la situaci\u00f3n econ\u00f3mica de la provincia, que tambi\u00e9n repercute en algunas cosas, en nuestro Poder Judicial, y despu\u00e9s estuvimos intercambiando las necesidades nuestras, las necesidades del di\u00e1logo important\u00edsimo. El gobernador estuvo abierto a todos los interrogantes que ten\u00edamos nosotros, desde la Corte y tambi\u00e9n \u00e9l con respecto a un conjunto de temas que hacen al quehacer del Poder Judicial y al funcionamiento en general de los tres poderes del Estado\u201d.<\/p>\n\n\n\n<p>Del encuentro participaron Presidente Rafael Guti\u00e9rrez, ministros Roberto Falistocco, Eduardo Spuler, Mario Netri, Maria Ang\u00e9lica Gastaldi y Daniel Erbetta. Tambi\u00e9n el Procurador General Jorge Barraguirre.<\/p>\n\n\n\n<figure class=\"wp-block-embed-youtube wp-block-embed is-type-video is-provider-youtube wp-embed-aspect-16-9 wp-has-aspect-ratio\"><div class=\"wp-block-embed__wrapper\">\n<iframe loading=\"lazy\" title=\"El Gobernador encabez\u00f3 un encuentro con la Corte Suprema de Justicia de Santa Fe\" width=\"800\" height=\"450\" src=\"https:\/\/www.youtube.com\/embed\/1uyVpW7dVCY?feature=oembed\" frameborder=\"0\" allow=\"accelerometer; autoplay; encrypted-media; gyroscope; picture-in-picture\" allowfullscreen><\/iframe>\n<\/div><\/figure>\n","protected":false},"excerpt":{"rendered":"<p>Se trat\u00f3 del primer encuentro institucional entre ambos poderes. \u201cCuanta m\u00e1s informaci\u00f3n sobre la situaci\u00f3n de la provincia tenga cada uno de los poderes, seguramente cada uno podr\u00e1 actuar con mejor y mayor criterio\u201d, sostuvo Perotti. Este martes, el gobernador de la provincia, Omar Perotti, junto a los ministros de Gobierno, Justicia y Derechos Humanos, <a href=\"https:\/\/armstrongyregion.com.ar\/diario\/el-gobernador-encabezo-un-encuentro-con-la-corte-suprema-de-justicia-de-santa-fe\/\" title=\"Read more\" >&#8230;<\/a><\/p>\n","protected":false},"author":2,"featured_media":24786,"comment_status":"open","ping_status":"open","sticky":false,"template":"","format":"image","meta":{"_jetpack_memberships_contains_paid_content":false,"footnotes":"","jetpack_publicize_message":"","jetpack_publicize_feature_enabled":true,"jetpack_social_post_already_shared":true,"jetpack_social_options":{"image_generator_settings":{"template":"highway","default_image_id":0,"enabled":false},"version":2}},"categories":[1,7],"tags":[],"class_list":["post-24784","post","type-post","status-publish","format-image","has-post-thumbnail","hentry","category-diario-armstrong","category-politica","post_format-post-format-image"],"jetpack_publicize_connections":[],"jetpack_featured_media_url":"https:\/\/armstrongyregion.com.ar\/diario\/wp-content\/uploads\/2020\/02\/perotti.jpeg","jetpack_shortlink":"https:\/\/wp.me\/p62QDO-6rK","jetpack_sharing_enabled":true,"amp_enabled":true,"_links":{"self":[{"href":"https:\/\/armstrongyregion.com.ar\/diario\/wp-json\/wp\/v2\/posts\/24784","targetHints":{"allow":["GET"]}}],"collection":[{"href":"https:\/\/armstrongyregion.com.ar\/diario\/wp-json\/wp\/v2\/posts"}],"about":[{"href":"https:\/\/armstrongyregion.com.ar\/diario\/wp-json\/wp\/v2\/types\/post"}],"author":[{"embeddable":true,"href":"https:\/\/armstrongyregion.com.ar\/diario\/wp-json\/wp\/v2\/users\/2"}],"replies":[{"embeddable":true,"href":"https:\/\/armstrongyregion.com.ar\/diario\/wp-json\/wp\/v2\/comments?post=24784"}],"version-history":[{"count":1,"href":"https:\/\/armstrongyregion.com.ar\/diario\/wp-json\/wp\/v2\/posts\/24784\/revisions"}],"predecessor-version":[{"id":24787,"href":"https:\/\/armstrongyregion.com.ar\/diario\/wp-json\/wp\/v2\/posts\/24784\/revisions\/24787"}],"wp:featuredmedia":[{"embeddable":true,"href":"https:\/\/armstrongyregion.com.ar\/diario\/wp-json\/wp\/v2\/media\/24786"}],"wp:attachment":[{"href":"https:\/\/armstrongyregion.com.ar\/diario\/wp-json\/wp\/v2\/media?parent=24784"}],"wp:term":[{"taxonomy":"category","embeddable":true,"href":"https:\/\/armstrongyregion.com.ar\/diario\/wp-json\/wp\/v2\/categories?post=24784"},{"taxonomy":"post_tag","embeddable":true,"href":"https:\/\/armstrongyregion.com.ar\/diario\/wp-json\/wp\/v2\/tags?post=24784"}],"curies":[{"name":"wp","href":"https:\/\/api.w.org\/{rel}","templated":true}]}}