{"id":24772,"date":"2020-02-18T22:23:42","date_gmt":"2020-02-18T22:23:42","guid":{"rendered":"https:\/\/armstrongyregion.com.ar\/diario\/?p=24772"},"modified":"2020-02-18T22:23:47","modified_gmt":"2020-02-18T22:23:47","slug":"cornaglia-busca-saldar-un-vacio-legal-en-el-cede-de-cargos-de-tareas-diferentes-definitivas","status":"publish","type":"post","link":"https:\/\/armstrongyregion.com.ar\/diario\/cornaglia-busca-saldar-un-vacio-legal-en-el-cede-de-cargos-de-tareas-diferentes-definitivas\/","title":{"rendered":"Cornaglia busca saldar un vac\u00edo legal en el cede de cargos de tareas diferentes definitivas"},"content":{"rendered":"\n\n\n<p><strong>El legislador propone una alternativa a la normativa vigente para el personal de la Administraci\u00f3n P\u00fablica Provincial y del Ministerio de Educaci\u00f3n.<\/strong><\/p>\n\n\n\n<p>El senador&nbsp;provincial Guillermo Cornaglia propuso modificaciones a los art\u00edculos 4\u00ba, 8\u00ba y 14\u00ba de la Ley N\u00ba 13.197 que crea las categor\u00edas de&nbsp;\u201cCargo Diferente Definitivo\u201d&nbsp;para el personal de la Administraci\u00f3n P\u00fablica Provincial y \u201cCargo y\/u Horas C\u00e1tedra Diferente Definitivo\u201d para el personal docente del Ministerio de Educaci\u00f3n. \u201cSe busca saldar un vac\u00edo legal existente, considerando que existe la posibilidad de que la enfermedad inhabilitante o patolog\u00eda que dio origen al cargo de Tareas Diferentes Definitivas se subsane\u201d, manifest\u00f3 el legislador por el departamento Belgrano.<br><\/p>\n\n\n\n<p>En el mismo sentido, Cornaglia explic\u00f3: \u201cDebemos responder a las demandas del supuesto, para que las y los agentes que cuentan con las aptitudes de una vida laboral activa, no queden con la imposibilidad de manera definitiva para ejercer sus funciones. Se propone una alternativa distinta al cese del cargo de tareas diferentes definitivas\u201d.<\/p>\n\n\n\n<p>Con la modificaci\u00f3n del art\u00edculo 4\u00ba de la Ley N\u00ba 13.197, los cargos diferentes definitivos se extinguen&nbsp;cuando la junta m\u00e9dica interrumpa las tareas diferentes definitivas, por cese de los supuestos, disponiendo el reintegro al cargo y\/o tarea indicada. Adem\u00e1s, con la reforma del art\u00edculo 8\u00ba de dicha Ley, el Poder Ejecutivo podr\u00e1,&nbsp;de oficio o a pedido de la o el agente,&nbsp;realizar nuevas juntas m\u00e9dicas al personal administrativo.<\/p>\n\n\n\n<p>El Proyecto de Ley fue ingresado el d\u00eda 12 de febrero y se estudia en las comisiones de Educaci\u00f3n, Ciencia, Tecnolog\u00eda e Innovaci\u00f3n; de Presupuesto y Hacienda; y de Asuntos Constitucionales y Legislaci\u00f3n General de la C\u00e1mara de Senadores de la Provincia de Santa Fe.<\/p>\n","protected":false},"excerpt":{"rendered":"<p>El legislador propone una alternativa a la normativa vigente para el personal de la Administraci\u00f3n P\u00fablica Provincial y del Ministerio de Educaci\u00f3n. El senador&nbsp;provincial Guillermo Cornaglia propuso modificaciones a los art\u00edculos 4\u00ba, 8\u00ba y 14\u00ba de la Ley N\u00ba 13.197 que crea las categor\u00edas de&nbsp;\u201cCargo Diferente Definitivo\u201d&nbsp;para el personal de la Administraci\u00f3n P\u00fablica Provincial y <a href=\"https:\/\/armstrongyregion.com.ar\/diario\/cornaglia-busca-saldar-un-vacio-legal-en-el-cede-de-cargos-de-tareas-diferentes-definitivas\/\" title=\"Read more\" >&#8230;<\/a><\/p>\n","protected":false},"author":2,"featured_media":24774,"comment_status":"open","ping_status":"open","sticky":false,"template":"","format":"image","meta":{"_jetpack_memberships_contains_paid_content":false,"footnotes":"","jetpack_publicize_message":"","jetpack_publicize_feature_enabled":true,"jetpack_social_post_already_shared":true,"jetpack_social_options":{"image_generator_settings":{"template":"highway","default_image_id":0,"enabled":false},"version":2}},"categories":[1,7],"tags":[],"class_list":["post-24772","post","type-post","status-publish","format-image","has-post-thumbnail","hentry","category-diario-armstrong","category-politica","post_format-post-format-image"],"jetpack_publicize_connections":[],"jetpack_featured_media_url":"https:\/\/armstrongyregion.com.ar\/diario\/wp-content\/uploads\/2020\/02\/Cornaglia-Tareas-Definitivas-1.jpg","jetpack_shortlink":"https:\/\/wp.me\/p62QDO-6ry","jetpack_sharing_enabled":true,"amp_enabled":true,"_links":{"self":[{"href":"https:\/\/armstrongyregion.com.ar\/diario\/wp-json\/wp\/v2\/posts\/24772","targetHints":{"allow":["GET"]}}],"collection":[{"href":"https:\/\/armstrongyregion.com.ar\/diario\/wp-json\/wp\/v2\/posts"}],"about":[{"href":"https:\/\/armstrongyregion.com.ar\/diario\/wp-json\/wp\/v2\/types\/post"}],"author":[{"embeddable":true,"href":"https:\/\/armstrongyregion.com.ar\/diario\/wp-json\/wp\/v2\/users\/2"}],"replies":[{"embeddable":true,"href":"https:\/\/armstrongyregion.com.ar\/diario\/wp-json\/wp\/v2\/comments?post=24772"}],"version-history":[{"count":1,"href":"https:\/\/armstrongyregion.com.ar\/diario\/wp-json\/wp\/v2\/posts\/24772\/revisions"}],"predecessor-version":[{"id":24775,"href":"https:\/\/armstrongyregion.com.ar\/diario\/wp-json\/wp\/v2\/posts\/24772\/revisions\/24775"}],"wp:featuredmedia":[{"embeddable":true,"href":"https:\/\/armstrongyregion.com.ar\/diario\/wp-json\/wp\/v2\/media\/24774"}],"wp:attachment":[{"href":"https:\/\/armstrongyregion.com.ar\/diario\/wp-json\/wp\/v2\/media?parent=24772"}],"wp:term":[{"taxonomy":"category","embeddable":true,"href":"https:\/\/armstrongyregion.com.ar\/diario\/wp-json\/wp\/v2\/categories?post=24772"},{"taxonomy":"post_tag","embeddable":true,"href":"https:\/\/armstrongyregion.com.ar\/diario\/wp-json\/wp\/v2\/tags?post=24772"}],"curies":[{"name":"wp","href":"https:\/\/api.w.org\/{rel}","templated":true}]}}