{"id":2477,"date":"2015-06-04T00:54:51","date_gmt":"2015-06-04T00:54:51","guid":{"rendered":"https:\/\/armstrongyregion.com.ar\/diario\/?p=2477"},"modified":"2015-06-04T00:54:51","modified_gmt":"2015-06-04T00:54:51","slug":"mas-de-diez-mil-alumnos-primarios-santafesinos-juraron-la-bandera-en-el-monumento","status":"publish","type":"post","link":"https:\/\/armstrongyregion.com.ar\/diario\/mas-de-diez-mil-alumnos-primarios-santafesinos-juraron-la-bandera-en-el-monumento\/","title":{"rendered":"M\u00e1s de diez mil alumnos primarios santafesinos juraron la bandera en el Monumento."},"content":{"rendered":"<p><a href=\"http:\/\/armstrongyregion.com.ar\/diario\/wp-content\/uploads\/2015\/06\/11351168_10205375541646496_2575019313417600429_n.jpg\"><img loading=\"lazy\" decoding=\"async\" class=\"alignnone size-medium wp-image-2478\" src=\"http:\/\/armstrongyregion.com.ar\/diario\/wp-content\/uploads\/2015\/06\/11351168_10205375541646496_2575019313417600429_n-300x225.jpg\" alt=\"Monumento Bandera\" width=\"300\" height=\"225\" srcset=\"https:\/\/armstrongyregion.com.ar\/diario\/wp-content\/uploads\/2015\/06\/11351168_10205375541646496_2575019313417600429_n-300x225.jpg 300w, https:\/\/armstrongyregion.com.ar\/diario\/wp-content\/uploads\/2015\/06\/11351168_10205375541646496_2575019313417600429_n.jpg 960w\" sizes=\"auto, (max-width: 300px) 100vw, 300px\" \/><\/a>M\u00e1s de diez mil alumnos de cuarto grado de escuelas del sur santafesino juraron fidelidad a la ense\u00f1a patria esta ma\u00f1ana en un acto desarrollado en el Monumento Nacional a la Bandera, el \u00edcono hist\u00f3rico de la ciudad de Rosario, donde el general Manuel Belgrano iz\u00f3 por primera vez el estandarte nacional, en la barranca del r\u00edo Paran\u00e1, el 27 de febrero de 1812.<br \/>\n\u00ab\u00bfPrometen defender esta bandera celeste y blanca?\u00bb, pregunt\u00f3 el gobernador santafesino Antonio Bonfatti a las 9.47 y los m\u00e1s de diez mil chicas y chicos respondieron con firmeza un \u00abS\u00ed, prometemos\u00bb y alzaron las banderas de cada escuela y agitaron miles de pa\u00f1uelos celestes y blancos.<br \/>\nEl escenario montado en el Patio C\u00edvico del Monumento estaba flanqueado por dos grandes pantallas donde transmit\u00edan en simult\u00e1neo la jura de la bandera de los 26.500 alumnos que tambi\u00e9n lo hac\u00edan en las ciudades de Reconquista, Rafaela, Santa Fe y Venado Tuerto. Desde Armstrong viajaron a Rosario todos los 4tos de las diferentes instituciones educativas.<br \/>\nUn drone de la provincia sobrevol\u00f3 el Patio C\u00edvico, mientras las madres y padres colmaron la vereda del Monumento de la calle C\u00f3rdoba.<br \/>\nFotograf\u00eda. Se\u00f1o Veronica Balbastro. Esc. Especial N.2.100. \u00abGabriela Brimmer\u00bb.<\/p>\n","protected":false},"excerpt":{"rendered":"<p>M\u00e1s de diez mil alumnos de cuarto grado de escuelas del sur santafesino juraron fidelidad a la ense\u00f1a patria esta ma\u00f1ana en un acto desarrollado en el Monumento Nacional a la Bandera, el \u00edcono hist\u00f3rico de la ciudad de Rosario, donde el general Manuel Belgrano iz\u00f3 por primera vez el estandarte nacional, en la barranca <a href=\"https:\/\/armstrongyregion.com.ar\/diario\/mas-de-diez-mil-alumnos-primarios-santafesinos-juraron-la-bandera-en-el-monumento\/\" title=\"Read more\" >&#8230;<\/a><\/p>\n","protected":false},"author":2,"featured_media":2478,"comment_status":"open","ping_status":"open","sticky":false,"template":"","format":"standard","meta":{"_jetpack_memberships_contains_paid_content":false,"footnotes":"","jetpack_publicize_message":"","jetpack_publicize_feature_enabled":true,"jetpack_social_post_already_shared":false,"jetpack_social_options":{"image_generator_settings":{"template":"highway","default_image_id":0,"enabled":false},"version":2}},"categories":[6,1,2,3],"tags":[1108,1894,19,1892,16,15,469,31,40,114,1895,1893,1172],"class_list":["post-2477","post","type-post","status-publish","format-standard","has-post-thumbnail","hentry","category-cultura-entretenimiento","category-diario-armstrong","category-locales","category-region","tag-alumnos","tag-bandera","tag-de","tag-diez","tag-el","tag-en","tag-juraron","tag-la","tag-mas","tag-mil","tag-monumento","tag-primarios","tag-santafesinos"],"jetpack_publicize_connections":[],"jetpack_featured_media_url":"https:\/\/armstrongyregion.com.ar\/diario\/wp-content\/uploads\/2015\/06\/11351168_10205375541646496_2575019313417600429_n.jpg","jetpack_shortlink":"https:\/\/wp.me\/p62QDO-DX","jetpack_sharing_enabled":true,"amp_enabled":true,"_links":{"self":[{"href":"https:\/\/armstrongyregion.com.ar\/diario\/wp-json\/wp\/v2\/posts\/2477","targetHints":{"allow":["GET"]}}],"collection":[{"href":"https:\/\/armstrongyregion.com.ar\/diario\/wp-json\/wp\/v2\/posts"}],"about":[{"href":"https:\/\/armstrongyregion.com.ar\/diario\/wp-json\/wp\/v2\/types\/post"}],"author":[{"embeddable":true,"href":"https:\/\/armstrongyregion.com.ar\/diario\/wp-json\/wp\/v2\/users\/2"}],"replies":[{"embeddable":true,"href":"https:\/\/armstrongyregion.com.ar\/diario\/wp-json\/wp\/v2\/comments?post=2477"}],"version-history":[{"count":0,"href":"https:\/\/armstrongyregion.com.ar\/diario\/wp-json\/wp\/v2\/posts\/2477\/revisions"}],"wp:featuredmedia":[{"embeddable":true,"href":"https:\/\/armstrongyregion.com.ar\/diario\/wp-json\/wp\/v2\/media\/2478"}],"wp:attachment":[{"href":"https:\/\/armstrongyregion.com.ar\/diario\/wp-json\/wp\/v2\/media?parent=2477"}],"wp:term":[{"taxonomy":"category","embeddable":true,"href":"https:\/\/armstrongyregion.com.ar\/diario\/wp-json\/wp\/v2\/categories?post=2477"},{"taxonomy":"post_tag","embeddable":true,"href":"https:\/\/armstrongyregion.com.ar\/diario\/wp-json\/wp\/v2\/tags?post=2477"}],"curies":[{"name":"wp","href":"https:\/\/api.w.org\/{rel}","templated":true}]}}