{"id":24761,"date":"2020-02-17T21:51:00","date_gmt":"2020-02-17T21:51:00","guid":{"rendered":"https:\/\/armstrongyregion.com.ar\/diario\/?p=24761"},"modified":"2020-02-17T21:51:07","modified_gmt":"2020-02-17T21:51:07","slug":"comunicado-del-intendente-dr-pablo-verdecchia","status":"publish","type":"post","link":"https:\/\/armstrongyregion.com.ar\/diario\/comunicado-del-intendente-dr-pablo-verdecchia\/","title":{"rendered":"Comunicado del Intendente Dr. Pablo Verdecchia"},"content":{"rendered":"\n\n\n<p>En virtud de los hechos acaecidos este \u00faltimo fin de semana en que se mansilla el buen nombre&nbsp; de la Secretaria de Gobierno de esta ciudad, en mi car\u00e1cter de Intendente de este Municipio me dirijo a la comunidad para que juntos&nbsp; trabajemos en pos del respeto y el buen trato.<\/p>\n\n\n\n<p>Estos videos y audios repletos de discurso mis\u00f3gino donde lo \u00fanico que aparece son agravios, humillaciones, descalificaciones&nbsp; y&nbsp; degradaci\u00f3n hacia una mujer que en este momento est\u00e1 situada en un espacio p\u00fablico y de cuyo desempe\u00f1o me honro.<\/p>\n\n\n\n<p>La violencia contra las mujeres es una de las violaciones de los derechos humanos m\u00e1s generalizada.<\/p>\n\n\n\n<p>Tomando\u00a0 palabras que utilizaran en Naciones Unidas digo que \u201cCon demasiada frecuencia los responsables quedan impunes.\u00a0 Debemos combatir la sensaci\u00f3n de miedo y verg\u00fcenza que castiga a las v\u00edctimas que ya han sido objeto de un delito y posteriormente se enfrentan al estigma que ello representa. SON LOS AUTORES DEL DELITO QUIENES DEBEN AVERGONZARSE, NO SUS VICTIMAS\u201d.<br>\u00a0\u00a0\u00a0\u00a0\u00a0\u00a0\u00a0\u00a0\u00a0\u00a0\u00a0\u00a0\u00a0<\/p>\n\n\n\n<p>Dr. Pablo Verdecchia\u00a0 \u00a0 \u00a0 \u00a0 \u00a0 \u00a0 \u00a0 \u00a0 \u00a0 \u00a0 \u00a0 \u00a0 \u00a0 \u00a0 \u00a0 \u00a0 \u00a0 \u00a0 \u00a0 \u00a0 \u00a0 \u00a0 \u00a0 \u00a0 \u00a0 \u00a0 \u00a0 \u00a0 \u00a0 \u00a0 \u00a0 \u00a0 \u00a0 \u00a0 \u00a0 \u00a0 \u00a0 \u00a0 \u00a0 \u00a0 \u00a0 \u00a0 \u00a0 \u00a0 \u00a0 \u00a0 \u00a0 \u00a0 \u00a0 \u00a0 \u00a0 Intendente de la ciudad de Armstrong<\/p>\n","protected":false},"excerpt":{"rendered":"<p>En virtud de los hechos acaecidos este \u00faltimo fin de semana en que se mansilla el buen nombre&nbsp; de la Secretaria de Gobierno de esta ciudad, en mi car\u00e1cter de Intendente de este Municipio me dirijo a la comunidad para que juntos&nbsp; trabajemos en pos del respeto y el buen trato. Estos videos y audios <a href=\"https:\/\/armstrongyregion.com.ar\/diario\/comunicado-del-intendente-dr-pablo-verdecchia\/\" title=\"Read more\" >&#8230;<\/a><\/p>\n","protected":false},"author":2,"featured_media":24209,"comment_status":"open","ping_status":"open","sticky":false,"template":"","format":"image","meta":{"_jetpack_memberships_contains_paid_content":false,"footnotes":"","jetpack_publicize_message":"","jetpack_publicize_feature_enabled":true,"jetpack_social_post_already_shared":true,"jetpack_social_options":{"image_generator_settings":{"template":"highway","default_image_id":0,"enabled":false},"version":2}},"categories":[1,2],"tags":[],"class_list":["post-24761","post","type-post","status-publish","format-image","has-post-thumbnail","hentry","category-diario-armstrong","category-locales","post_format-post-format-image"],"jetpack_publicize_connections":[],"jetpack_featured_media_url":"https:\/\/armstrongyregion.com.ar\/diario\/wp-content\/uploads\/2019\/12\/Int.-Pablo-Verdecchia-.jpg","jetpack_shortlink":"https:\/\/wp.me\/p62QDO-6rn","jetpack_sharing_enabled":true,"amp_enabled":true,"_links":{"self":[{"href":"https:\/\/armstrongyregion.com.ar\/diario\/wp-json\/wp\/v2\/posts\/24761","targetHints":{"allow":["GET"]}}],"collection":[{"href":"https:\/\/armstrongyregion.com.ar\/diario\/wp-json\/wp\/v2\/posts"}],"about":[{"href":"https:\/\/armstrongyregion.com.ar\/diario\/wp-json\/wp\/v2\/types\/post"}],"author":[{"embeddable":true,"href":"https:\/\/armstrongyregion.com.ar\/diario\/wp-json\/wp\/v2\/users\/2"}],"replies":[{"embeddable":true,"href":"https:\/\/armstrongyregion.com.ar\/diario\/wp-json\/wp\/v2\/comments?post=24761"}],"version-history":[{"count":1,"href":"https:\/\/armstrongyregion.com.ar\/diario\/wp-json\/wp\/v2\/posts\/24761\/revisions"}],"predecessor-version":[{"id":24762,"href":"https:\/\/armstrongyregion.com.ar\/diario\/wp-json\/wp\/v2\/posts\/24761\/revisions\/24762"}],"wp:featuredmedia":[{"embeddable":true,"href":"https:\/\/armstrongyregion.com.ar\/diario\/wp-json\/wp\/v2\/media\/24209"}],"wp:attachment":[{"href":"https:\/\/armstrongyregion.com.ar\/diario\/wp-json\/wp\/v2\/media?parent=24761"}],"wp:term":[{"taxonomy":"category","embeddable":true,"href":"https:\/\/armstrongyregion.com.ar\/diario\/wp-json\/wp\/v2\/categories?post=24761"},{"taxonomy":"post_tag","embeddable":true,"href":"https:\/\/armstrongyregion.com.ar\/diario\/wp-json\/wp\/v2\/tags?post=24761"}],"curies":[{"name":"wp","href":"https:\/\/api.w.org\/{rel}","templated":true}]}}