{"id":24745,"date":"2020-02-16T16:04:35","date_gmt":"2020-02-16T16:04:35","guid":{"rendered":"https:\/\/armstrongyregion.com.ar\/diario\/?p=24745"},"modified":"2020-02-16T16:04:42","modified_gmt":"2020-02-16T16:04:42","slug":"aumento-de-jubilaciones-pensiones-asignaciones-y-auh","status":"publish","type":"post","link":"https:\/\/armstrongyregion.com.ar\/diario\/aumento-de-jubilaciones-pensiones-asignaciones-y-auh\/","title":{"rendered":"Aumento de Jubilaciones, pensiones, asignaciones y AUH."},"content":{"rendered":"\n\n\n<p><\/p>\n\n\n\n<p>El aumento ser\u00e1 de $1.500, que quedar\u00e1 incorporado en el haber, m\u00e1s un extra de un 2,3% para todo el universo de jubilaciones y pensiones. De esta forma se logra un aumento m\u00e1s distributivo y solidario. El objetivo es favorecer a los sectores m\u00e1s vulnerables de la sociedad. De esta manera quienes hoy perciben la m\u00ednima lograran un incremento equivalente al 13%. Esto es un porcentaje superior al que hubieran recibido con la f\u00f3rmula de movilidad suspendida (11,56%) y tambi\u00e9n a la inflaci\u00f3n proyectada para el primer trimestre (alrededor del 8%).<\/p>\n\n\n\n<p>Asimismo, los beneficiarios de la AUH, asignaciones familiares y perceptores de la Pensi\u00f3n B\u00e1sica Universal recibir\u00e1n un 13% de aumento.<\/p>\n\n\n\n<p>Se busca de este modo empezar a mejorar los ingresos de los sectores m\u00e1s vulnerables, que han sido los m\u00e1s perjudicados por la pol\u00edtica econ\u00f3mica del gobierno anterior.<\/p>\n\n\n\n<p>Adem\u00e1s de la mejora del 13% que tendr\u00e1n los haberes m\u00ednimos, cabe recordar que en enero de este a\u00f1o se entreg\u00f3 un bono de $5.000. Si se mensualiza este bono, y se lo consolida con la suba que se dar\u00e1 en marzo, los haberes de la M\u00ednima aumentar\u00e1n un 15,9% en marzo.<\/p>\n\n\n\n<p>Sumado al bono, el gobierno nacional tom\u00f3 distintos tipos de medidas que cuidaron el bolsillo de los jubilados. Por un lado, se decidi\u00f3 congelar el precio de las tarifas de agua, luz y gas. Por otra parte, tambi\u00e9n se congel\u00f3 tanto el precio del transporte p\u00fablico como el del combustible. Finalmente, hubo una baja del 8% en medicamentos, pol\u00edtica que afecta de forma directa a este grupo etario.<\/p>\n\n\n\n<p>Otras de las medidas que ANSES tom\u00f3 en estos meses fue respecto a la enorme cantidad de jubilados y perceptores de la AUH que se encontraban endeudados a altas tasas con el organismo. Cambiando la visi\u00f3n usurera de la gesti\u00f3n anterior respecto a esta poblaci\u00f3n, bajamos la tasa de un 48% a un 36% en el caso de los perceptores de AUH y de un 42% a un 31,5% en el caso de los jubilados. Sumado a esto, decidimos suspender las cuotas de pago por tres meses.<\/p>\n\n\n\n<p>Tambi\u00e9n se est\u00e1n entregando desde el gobierno nacional las tarjetas alimentarias por montos de hasta $6.000. Esta medida busca luchar contra el hambre y la pobreza de los ni\u00f1os y ni\u00f1as de nuestro pa\u00eds.<\/p>\n\n\n\n<p>La f\u00f3rmula de movilidad que se aplic\u00f3 desde fines de 2017 (y ahora se encuentra suspendida) implic\u00f3 una p\u00e9rdida de ingresos para los jubilados y pensionados. Desde diciembre de 2017 a marzo de 2020 la f\u00f3rmula de Cambiemos hubiera incrementado los haberes un 116,6%. Con la f\u00f3rmula de Cristina los haberes hubiesen aumentado un 124,6%.<br>Desde septiembre de 2009 a septiembre de 2015, las jubilaciones aumentaron un 23% en t\u00e9rminos reales con la F\u00f3rmula de Cristina. Desde septiembre de 2017 a diciembre de 2019 las jubilaciones perdieron un 19,5% en t\u00e9rminos reales con la F\u00f3rmula de Macri.<\/p>\n\n\n\n<p>Diego Mansilla &#8211; Jefe de Anses Regi\u00f3n Litoral.<\/p>\n","protected":false},"excerpt":{"rendered":"<p>El aumento ser\u00e1 de $1.500, que quedar\u00e1 incorporado en el haber, m\u00e1s un extra de un 2,3% para todo el universo de jubilaciones y pensiones. De esta forma se logra un aumento m\u00e1s distributivo y solidario. El objetivo es favorecer a los sectores m\u00e1s vulnerables de la sociedad. De esta manera quienes hoy perciben la <a href=\"https:\/\/armstrongyregion.com.ar\/diario\/aumento-de-jubilaciones-pensiones-asignaciones-y-auh\/\" title=\"Read more\" >&#8230;<\/a><\/p>\n","protected":false},"author":2,"featured_media":24746,"comment_status":"open","ping_status":"open","sticky":false,"template":"","format":"image","meta":{"_jetpack_memberships_contains_paid_content":false,"footnotes":"","jetpack_publicize_message":"","jetpack_publicize_feature_enabled":true,"jetpack_social_post_already_shared":true,"jetpack_social_options":{"image_generator_settings":{"template":"highway","default_image_id":0,"enabled":false},"version":2}},"categories":[1],"tags":[],"class_list":["post-24745","post","type-post","status-publish","format-image","has-post-thumbnail","hentry","category-diario-armstrong","post_format-post-format-image"],"jetpack_publicize_connections":[],"jetpack_featured_media_url":"https:\/\/armstrongyregion.com.ar\/diario\/wp-content\/uploads\/2020\/02\/anses.jpg","jetpack_shortlink":"https:\/\/wp.me\/p62QDO-6r7","jetpack_sharing_enabled":true,"amp_enabled":true,"_links":{"self":[{"href":"https:\/\/armstrongyregion.com.ar\/diario\/wp-json\/wp\/v2\/posts\/24745","targetHints":{"allow":["GET"]}}],"collection":[{"href":"https:\/\/armstrongyregion.com.ar\/diario\/wp-json\/wp\/v2\/posts"}],"about":[{"href":"https:\/\/armstrongyregion.com.ar\/diario\/wp-json\/wp\/v2\/types\/post"}],"author":[{"embeddable":true,"href":"https:\/\/armstrongyregion.com.ar\/diario\/wp-json\/wp\/v2\/users\/2"}],"replies":[{"embeddable":true,"href":"https:\/\/armstrongyregion.com.ar\/diario\/wp-json\/wp\/v2\/comments?post=24745"}],"version-history":[{"count":1,"href":"https:\/\/armstrongyregion.com.ar\/diario\/wp-json\/wp\/v2\/posts\/24745\/revisions"}],"predecessor-version":[{"id":24747,"href":"https:\/\/armstrongyregion.com.ar\/diario\/wp-json\/wp\/v2\/posts\/24745\/revisions\/24747"}],"wp:featuredmedia":[{"embeddable":true,"href":"https:\/\/armstrongyregion.com.ar\/diario\/wp-json\/wp\/v2\/media\/24746"}],"wp:attachment":[{"href":"https:\/\/armstrongyregion.com.ar\/diario\/wp-json\/wp\/v2\/media?parent=24745"}],"wp:term":[{"taxonomy":"category","embeddable":true,"href":"https:\/\/armstrongyregion.com.ar\/diario\/wp-json\/wp\/v2\/categories?post=24745"},{"taxonomy":"post_tag","embeddable":true,"href":"https:\/\/armstrongyregion.com.ar\/diario\/wp-json\/wp\/v2\/tags?post=24745"}],"curies":[{"name":"wp","href":"https:\/\/api.w.org\/{rel}","templated":true}]}}