{"id":24742,"date":"2020-02-16T16:00:41","date_gmt":"2020-02-16T16:00:41","guid":{"rendered":"https:\/\/armstrongyregion.com.ar\/diario\/?p=24742"},"modified":"2020-02-16T16:00:47","modified_gmt":"2020-02-16T16:00:47","slug":"el-gobernador-omar-perotti-participo-de-la-asamblea-anual-de-agricultores-federados-argentinos","status":"publish","type":"post","link":"https:\/\/armstrongyregion.com.ar\/diario\/el-gobernador-omar-perotti-participo-de-la-asamblea-anual-de-agricultores-federados-argentinos\/","title":{"rendered":"El gobernador Omar Perotti particip\u00f3 de la Asamblea Anual de Agricultores Federados Argentinos"},"content":{"rendered":"\n\n\n<p><\/p>\n\n\n\n<p><em>En ese marco, alent\u00f3 \u201cla necesidad de contar con un actor que siga haciendo crecer un esquema que necesita Santa Fe y la Argentina\u201d.<\/em><\/p>\n\n\n\n<p>Presente en la Asamblea Anual de Delegados de Agricultores Federados Argentinos (AFA), el gobernador Omar Perotti destac\u00f3 \u201cla dimensi\u00f3n del trabajo que realiza la cooperativa. Eso es para nosotros un reconocimiento provincial, pero tambi\u00e9n un acompa\u00f1amiento a su proyecci\u00f3n nacional, porque es un actor clave en la econom\u00eda de la provincia y de la Argentina, y como tal queremos estar a la par. Y una de las maneras de hacerlo es estar presentes en uno de sus principales eventos\u201d.<\/p>\n\n\n\n<p>Y abund\u00f3: \u201cEstar aqu\u00ed como se\u00f1al concreta de inter\u00e9s y de respaldo, con la necesidad de contar con un actor que siga creciendo en el marco de este esquema que necesita Santa Fe y la Argentina. Es la posibilidad de tener a sus agricultores asociados, arraigados en su territorio. Y eso nos permite a cada uno de nuestros pueblos y ciudades del interior no solo contener a su gente, sino tambi\u00e9n darle alternativas concretas de futuro\u201d.<\/p>\n\n\n\n<p>Al respecto, remarc\u00f3 que \u201cese esquema de organizaci\u00f3n que puede nuclear y contener a la familia en los sectores rurales, en los pueblos m\u00e1s chicos, es fundamental para la calidad de vida y para el resguardo de la familia agr\u00edcola santafesina, pero tambi\u00e9n es fundamental para la integraci\u00f3n territorial. Y tambi\u00e9n es muy bueno para la distribuci\u00f3n de la riqueza, para que el productor en escala peque\u00f1a asociado con sus pares pueda disputar de una manera m\u00e1s equitativa los beneficios de su actividad\u201d.<\/p>\n\n\n\n<p>Y concluy\u00f3: \u201cEs lo que sentimos y lo que expresamos, en c\u00f3mo un gobierno debe tratar de organizar a su sociedad. Y en esa b\u00fasqueda de organizar a su sociedad, el esquema cooperativo y las funciones que cumple AFA encaja plenamente con lo que sentimos y pregonamos\u201d.<\/p>\n\n\n\n<p>A su turno, el presidente de Agricultores Federados Argentinos, Jorge Petetta, agradeci\u00f3 la presencia del mandatario santafesino y resalt\u00f3 \u201cla tranquilidad por el acompa\u00f1amiento que nos est\u00e1 dando el gobierno santafesino. Sobre todo, porque conocemos a quienes integran el Ministerio de la Producci\u00f3n de la provincia, porque es gente id\u00f3nea y que conoce la realidad de sector. Sabemos que han asumido hace dos meses, pero muy r\u00e1pidamente se han puesto a disposici\u00f3n. Y eso es muy valorable\u201d.<\/p>\n\n\n\n<p>De la actividad participaron tambi\u00e9n el presidente del Instituto Nacional de Asociativismo y Econom\u00eda Social (INAES), Mario Cafiero; el ministro de Producci\u00f3n, Ciencia y Tecnolog\u00eda, Daniel Costamagna; el secretario de Comercio Interior de la cartera productiva, Juan Marcos Aviano; el diputado nacional Luis Contigiani; y el intendente de Rosario, Pablo Javkin.<\/p>\n","protected":false},"excerpt":{"rendered":"<p>En ese marco, alent\u00f3 \u201cla necesidad de contar con un actor que siga haciendo crecer un esquema que necesita Santa Fe y la Argentina\u201d. Presente en la Asamblea Anual de Delegados de Agricultores Federados Argentinos (AFA), el gobernador Omar Perotti destac\u00f3 \u201cla dimensi\u00f3n del trabajo que realiza la cooperativa. Eso es para nosotros un reconocimiento <a href=\"https:\/\/armstrongyregion.com.ar\/diario\/el-gobernador-omar-perotti-participo-de-la-asamblea-anual-de-agricultores-federados-argentinos\/\" title=\"Read more\" >&#8230;<\/a><\/p>\n","protected":false},"author":2,"featured_media":24743,"comment_status":"open","ping_status":"open","sticky":false,"template":"","format":"image","meta":{"_jetpack_memberships_contains_paid_content":false,"footnotes":"","jetpack_publicize_message":"","jetpack_publicize_feature_enabled":true,"jetpack_social_post_already_shared":true,"jetpack_social_options":{"image_generator_settings":{"template":"highway","default_image_id":0,"enabled":false},"version":2}},"categories":[1],"tags":[],"class_list":["post-24742","post","type-post","status-publish","format-image","has-post-thumbnail","hentry","category-diario-armstrong","post_format-post-format-image"],"jetpack_publicize_connections":[],"jetpack_featured_media_url":"https:\/\/armstrongyregion.com.ar\/diario\/wp-content\/uploads\/2020\/02\/Perotti-Asamblea-agricultores.jpeg","jetpack_shortlink":"https:\/\/wp.me\/p62QDO-6r4","jetpack_sharing_enabled":true,"amp_enabled":true,"_links":{"self":[{"href":"https:\/\/armstrongyregion.com.ar\/diario\/wp-json\/wp\/v2\/posts\/24742","targetHints":{"allow":["GET"]}}],"collection":[{"href":"https:\/\/armstrongyregion.com.ar\/diario\/wp-json\/wp\/v2\/posts"}],"about":[{"href":"https:\/\/armstrongyregion.com.ar\/diario\/wp-json\/wp\/v2\/types\/post"}],"author":[{"embeddable":true,"href":"https:\/\/armstrongyregion.com.ar\/diario\/wp-json\/wp\/v2\/users\/2"}],"replies":[{"embeddable":true,"href":"https:\/\/armstrongyregion.com.ar\/diario\/wp-json\/wp\/v2\/comments?post=24742"}],"version-history":[{"count":1,"href":"https:\/\/armstrongyregion.com.ar\/diario\/wp-json\/wp\/v2\/posts\/24742\/revisions"}],"predecessor-version":[{"id":24744,"href":"https:\/\/armstrongyregion.com.ar\/diario\/wp-json\/wp\/v2\/posts\/24742\/revisions\/24744"}],"wp:featuredmedia":[{"embeddable":true,"href":"https:\/\/armstrongyregion.com.ar\/diario\/wp-json\/wp\/v2\/media\/24743"}],"wp:attachment":[{"href":"https:\/\/armstrongyregion.com.ar\/diario\/wp-json\/wp\/v2\/media?parent=24742"}],"wp:term":[{"taxonomy":"category","embeddable":true,"href":"https:\/\/armstrongyregion.com.ar\/diario\/wp-json\/wp\/v2\/categories?post=24742"},{"taxonomy":"post_tag","embeddable":true,"href":"https:\/\/armstrongyregion.com.ar\/diario\/wp-json\/wp\/v2\/tags?post=24742"}],"curies":[{"name":"wp","href":"https:\/\/api.w.org\/{rel}","templated":true}]}}