{"id":24726,"date":"2020-02-14T02:31:47","date_gmt":"2020-02-14T02:31:47","guid":{"rendered":"https:\/\/armstrongyregion.com.ar\/diario\/?p=24726"},"modified":"2020-02-14T02:31:53","modified_gmt":"2020-02-14T02:31:53","slug":"perotti-sobre-la-tarjeta-alimentar-estamos-dando-una-lucha-contra-el-hambre","status":"publish","type":"post","link":"https:\/\/armstrongyregion.com.ar\/diario\/perotti-sobre-la-tarjeta-alimentar-estamos-dando-una-lucha-contra-el-hambre\/","title":{"rendered":"Perotti sobre la Tarjeta Alimentar: \u201cEstamos dando una lucha contra el hambre\u201d"},"content":{"rendered":"\n<figure class=\"wp-block-image size-large\"><img loading=\"lazy\" decoding=\"async\" width=\"768\" height=\"504\" src=\"http:\/\/armstrongyregion.com.ar\/diario\/wp-content\/uploads\/2020\/02\/perotti-alimentar.jpg\" alt=\"\" class=\"wp-image-24727\" srcset=\"https:\/\/armstrongyregion.com.ar\/diario\/wp-content\/uploads\/2020\/02\/perotti-alimentar.jpg 768w, https:\/\/armstrongyregion.com.ar\/diario\/wp-content\/uploads\/2020\/02\/perotti-alimentar-300x197.jpg 300w\" sizes=\"auto, (max-width: 768px) 100vw, 768px\" \/><\/figure>\n\n\n\n<h2 class=\"wp-block-heading\"> El gobernador recorri\u00f3 el primer operativo de entrega en la provincia en el Galp\u00f3n 13, sobre la costanera de Rosario.\u00a0\u00a0 <\/h2>\n\n\n\n<p><em>\u201cEstamos poniendo el mayor esfuerzo, la mayor coordinaci\u00f3n, con un objetivo central: dar la lucha contra el hambre\u00bb<\/em>. En ese sentido, el mandatario argument\u00f3:&nbsp;<em>\u201cEl hambre debe dejar de ser una cuesti\u00f3n presente en la Argentina y, en particular, en la provincia de Santa Fe\u201d,<\/em>&nbsp;expres\u00f3 Perotti en el marco de la entrega de la tarjeta alimentaria en Rosario, punto de partida en la provincia de Santa Fe.<\/p>\n\n\n\n<p>De recorrida en el Galp\u00f3n 13, donde se lleva adelante la actividad, el gobernador de la provincia resalt\u00f3 adem\u00e1s que&nbsp;<em>\u201ceste tiene que ser el inicio de una discusi\u00f3n mucho m\u00e1s alta en el marco social, que permita que la gente pueda, no s\u00f3lo dar un paso adelante para conseguir una buena alimentaci\u00f3n b\u00e1sica, sino que vaya generando una buena cultura de la alimentaci\u00f3n\u201d.<\/em><\/p>\n\n\n\n<p>Asimismo, destac\u00f3&nbsp;<em>\u201cla coordinaci\u00f3n entre Naci\u00f3n, provincia y municipio, para cubrir todos los detalles posibles, para que la gente pueda realizar un tr\u00e1mite \u00e1gil, para que pueda llevarse no solamente la Tarjeta, sino tambi\u00e9n buena informaci\u00f3n de c\u00f3mo usarla, qu\u00e9 alimentos son los recomendados, c\u00f3mo enriquecer una buena alimentaci\u00f3n, y las recomendaciones sobre c\u00f3mo preparar esos alimentos: leche, carne, fruta y verdura\u201d.<\/em><\/p>\n\n\n\n<p><em>\u201cEsta acci\u00f3n&nbsp;<\/em>-ampli\u00f3 Perotti-&nbsp;<em>permitir\u00e1 tambi\u00e9n la movilidad de productores locales que estar\u00e1n presentes en las distintas ferias itinerantes, acercando sus productos a quienes tienen la Tarjeta, garantizado poder de compra. Y ese poder de compra que da la Tarjeta es el que va a generar mayor actividad econ\u00f3mica en cada localidad. Y si combinamos eso con los Precios Cuidados nacionales y con los Precios Santafesinos, vamos a ver c\u00f3mo la gente se beneficia, c\u00f3mo la rueda empieza a funcionar\u201d.<\/em><\/p>\n\n\n\n<p>Y finaliz\u00f3:&nbsp;<em>\u201cEl chico que est\u00e9 bien alimentado es alguien que va a rendir mucho mejor en la escuela, que va a estar mucho m\u00e1s motivado, y ah\u00ed nos adentramos en otro tema central: cuidar desde la edad m\u00e1s temprana y tener a todos los chicos en la escuela. Esto es fundamental, desde la sala de 4 a\u00f1os hasta completar el secundario. Tenemos que ser la provincia que no deje un solo chico fuera de la escuela en la edad que corresponda\u201d.<\/em><\/p>\n","protected":false},"excerpt":{"rendered":"<p>Perotti sobre la Tarjeta Alimentar: \u201cEstamos dando una lucha contra el hambre\u201d<\/p>\n","protected":false},"author":1,"featured_media":24727,"comment_status":"open","ping_status":"open","sticky":false,"template":"","format":"image","meta":{"_jetpack_memberships_contains_paid_content":false,"footnotes":"","jetpack_publicize_message":"","jetpack_publicize_feature_enabled":true,"jetpack_social_post_already_shared":true,"jetpack_social_options":{"image_generator_settings":{"template":"highway","default_image_id":0,"enabled":false},"version":2}},"categories":[8,1,7,3],"tags":[],"class_list":["post-24726","post","type-post","status-publish","format-image","has-post-thumbnail","hentry","category-deliberando","category-diario-armstrong","category-politica","category-region","post_format-post-format-image"],"jetpack_publicize_connections":[],"jetpack_featured_media_url":"https:\/\/armstrongyregion.com.ar\/diario\/wp-content\/uploads\/2020\/02\/perotti-alimentar.jpg","jetpack_shortlink":"https:\/\/wp.me\/p62QDO-6qO","jetpack_sharing_enabled":true,"amp_enabled":true,"_links":{"self":[{"href":"https:\/\/armstrongyregion.com.ar\/diario\/wp-json\/wp\/v2\/posts\/24726","targetHints":{"allow":["GET"]}}],"collection":[{"href":"https:\/\/armstrongyregion.com.ar\/diario\/wp-json\/wp\/v2\/posts"}],"about":[{"href":"https:\/\/armstrongyregion.com.ar\/diario\/wp-json\/wp\/v2\/types\/post"}],"author":[{"embeddable":true,"href":"https:\/\/armstrongyregion.com.ar\/diario\/wp-json\/wp\/v2\/users\/1"}],"replies":[{"embeddable":true,"href":"https:\/\/armstrongyregion.com.ar\/diario\/wp-json\/wp\/v2\/comments?post=24726"}],"version-history":[{"count":1,"href":"https:\/\/armstrongyregion.com.ar\/diario\/wp-json\/wp\/v2\/posts\/24726\/revisions"}],"predecessor-version":[{"id":24728,"href":"https:\/\/armstrongyregion.com.ar\/diario\/wp-json\/wp\/v2\/posts\/24726\/revisions\/24728"}],"wp:featuredmedia":[{"embeddable":true,"href":"https:\/\/armstrongyregion.com.ar\/diario\/wp-json\/wp\/v2\/media\/24727"}],"wp:attachment":[{"href":"https:\/\/armstrongyregion.com.ar\/diario\/wp-json\/wp\/v2\/media?parent=24726"}],"wp:term":[{"taxonomy":"category","embeddable":true,"href":"https:\/\/armstrongyregion.com.ar\/diario\/wp-json\/wp\/v2\/categories?post=24726"},{"taxonomy":"post_tag","embeddable":true,"href":"https:\/\/armstrongyregion.com.ar\/diario\/wp-json\/wp\/v2\/tags?post=24726"}],"curies":[{"name":"wp","href":"https:\/\/api.w.org\/{rel}","templated":true}]}}