{"id":24704,"date":"2020-02-13T01:52:41","date_gmt":"2020-02-13T01:52:41","guid":{"rendered":"https:\/\/armstrongyregion.com.ar\/diario\/?p=24704"},"modified":"2020-02-13T03:08:31","modified_gmt":"2020-02-13T03:08:31","slug":"un-hombre-se-encadeno-a-un-banco-frente-a-la-municipalidad","status":"publish","type":"post","link":"https:\/\/armstrongyregion.com.ar\/diario\/un-hombre-se-encadeno-a-un-banco-frente-a-la-municipalidad\/","title":{"rendered":"Un hombre se encadeno a un banco frente a la Municipalidad."},"content":{"rendered":"\n<figure class=\"wp-block-image size-large\"><img loading=\"lazy\" decoding=\"async\" width=\"712\" height=\"466\" src=\"http:\/\/armstrongyregion.com.ar\/diario\/wp-content\/uploads\/2020\/02\/Fava-1-.jpg\" alt=\"\" class=\"wp-image-24705\" srcset=\"https:\/\/armstrongyregion.com.ar\/diario\/wp-content\/uploads\/2020\/02\/Fava-1-.jpg 712w, https:\/\/armstrongyregion.com.ar\/diario\/wp-content\/uploads\/2020\/02\/Fava-1--300x196.jpg 300w\" sizes=\"auto, (max-width: 712px) 100vw, 712px\" \/><\/figure>\n\n\n\n<p>A partir de las 14hs del mi\u00e9rcoles 12 de febrero, un vecino armstronense,\nex combatiente de Malvinas de nombre Sergio Fava, se encadeno a un banco de la plaza\nSan Martin frente al municipio.<\/p>\n\n\n\n<figure class=\"wp-block-image size-large\"><img loading=\"lazy\" decoding=\"async\" width=\"732\" height=\"466\" src=\"http:\/\/armstrongyregion.com.ar\/diario\/wp-content\/uploads\/2020\/02\/Fava-2-.jpg\" alt=\"\" class=\"wp-image-24706\" srcset=\"https:\/\/armstrongyregion.com.ar\/diario\/wp-content\/uploads\/2020\/02\/Fava-2-.jpg 732w, https:\/\/armstrongyregion.com.ar\/diario\/wp-content\/uploads\/2020\/02\/Fava-2--300x191.jpg 300w\" sizes=\"auto, (max-width: 732px) 100vw, 732px\" \/><\/figure>\n\n\n\n<p>Acompa\u00f1ado por su mascota y otros tres camaradas parejenses\nque vinieron a solidarizarse con su pena, accedi\u00f3 de manera muy amable a\ncontarle a nuestro medio la razon de su encadenamiento.<\/p>\n\n\n\n<p>\u201cEl motivo viene desde hace 8 o 9 a\u00f1os, donde le he iniciado un juicio a la comuna, ya que me retuvieron un cami\u00f3n, ellos alegaban que mi veh\u00edculo estaba mal estacionado algo que nunca se comprob\u00f3. Lo tienen parado ah\u00ed (Se\u00f1alando la cercan\u00eda a los galpones MAS) y yo no lo puedo hacer trabajar, aparte\u00a0 dentro del mismo ten\u00eda unos hierros y unas 60 chapas, que supuestamente los funcionarios municipales los guardaron y hoy yo los necesito, ya que me est\u00e1n desalojando de mi casa, he presentado una nota para que  me devuelvan lo que es m\u00edo y se negaron, nadie sabe d\u00f3nde est\u00e1n los hierros ni las chapas\u201d. Dec\u00eda el ex combatiente.<\/p>\n\n\n\n<figure class=\"wp-block-image size-large\"><img loading=\"lazy\" decoding=\"async\" width=\"466\" height=\"708\" src=\"http:\/\/armstrongyregion.com.ar\/diario\/wp-content\/uploads\/2020\/02\/Fava3-.jpg\" alt=\"\" class=\"wp-image-24707\" srcset=\"https:\/\/armstrongyregion.com.ar\/diario\/wp-content\/uploads\/2020\/02\/Fava3-.jpg 466w, https:\/\/armstrongyregion.com.ar\/diario\/wp-content\/uploads\/2020\/02\/Fava3--197x300.jpg 197w\" sizes=\"auto, (max-width: 466px) 100vw, 466px\" \/><\/figure>\n\n\n\n<p>Siguiendo la misma l\u00ednea de discurso reitero: \u201cEn este\nmomento siento que no hay otra soluci\u00f3n que encadenarme ac\u00e1 necesito &nbsp;que alg\u00fan funcionario me escuche y me ayude a\nrecuperar esos elementos que me pertenecen\u201d.<\/p>\n\n\n\n<p>Fava cuenta que ten\u00eda una verduleria, y desde hace una\nsemana&nbsp; desarmo todo, ya que a fin de mes\nlo desalojan y necesita le devuelvan sus chapas y &nbsp;hierros para utilizarlos en la pr\u00f3xima peque\u00f1a\ny precaria vivienda a la cual se estar\u00eda trasladando\u201d. <\/p>\n\n\n\n<p>El vecino piensa quedarse encadenado por tiempo indeterminado\u2026<\/p>\n\n\n\n<p>Fuente: Diario Armstrong y Regi\u00f3n.<\/p>\n","protected":false},"excerpt":{"rendered":"<p>Un hombre se encadeno a un banco frente a la Municipalidad.<\/p>\n","protected":false},"author":1,"featured_media":24705,"comment_status":"open","ping_status":"open","sticky":false,"template":"","format":"image","meta":{"_jetpack_memberships_contains_paid_content":false,"footnotes":"","jetpack_publicize_message":"","jetpack_publicize_feature_enabled":true,"jetpack_social_post_already_shared":true,"jetpack_social_options":{"image_generator_settings":{"template":"highway","default_image_id":0,"enabled":false},"version":2}},"categories":[8,1,2,7,3],"tags":[],"class_list":["post-24704","post","type-post","status-publish","format-image","has-post-thumbnail","hentry","category-deliberando","category-diario-armstrong","category-locales","category-politica","category-region","post_format-post-format-image"],"jetpack_publicize_connections":[],"jetpack_featured_media_url":"https:\/\/armstrongyregion.com.ar\/diario\/wp-content\/uploads\/2020\/02\/Fava-1-.jpg","jetpack_shortlink":"https:\/\/wp.me\/p62QDO-6qs","jetpack_sharing_enabled":true,"amp_enabled":true,"_links":{"self":[{"href":"https:\/\/armstrongyregion.com.ar\/diario\/wp-json\/wp\/v2\/posts\/24704","targetHints":{"allow":["GET"]}}],"collection":[{"href":"https:\/\/armstrongyregion.com.ar\/diario\/wp-json\/wp\/v2\/posts"}],"about":[{"href":"https:\/\/armstrongyregion.com.ar\/diario\/wp-json\/wp\/v2\/types\/post"}],"author":[{"embeddable":true,"href":"https:\/\/armstrongyregion.com.ar\/diario\/wp-json\/wp\/v2\/users\/1"}],"replies":[{"embeddable":true,"href":"https:\/\/armstrongyregion.com.ar\/diario\/wp-json\/wp\/v2\/comments?post=24704"}],"version-history":[{"count":3,"href":"https:\/\/armstrongyregion.com.ar\/diario\/wp-json\/wp\/v2\/posts\/24704\/revisions"}],"predecessor-version":[{"id":24717,"href":"https:\/\/armstrongyregion.com.ar\/diario\/wp-json\/wp\/v2\/posts\/24704\/revisions\/24717"}],"wp:featuredmedia":[{"embeddable":true,"href":"https:\/\/armstrongyregion.com.ar\/diario\/wp-json\/wp\/v2\/media\/24705"}],"wp:attachment":[{"href":"https:\/\/armstrongyregion.com.ar\/diario\/wp-json\/wp\/v2\/media?parent=24704"}],"wp:term":[{"taxonomy":"category","embeddable":true,"href":"https:\/\/armstrongyregion.com.ar\/diario\/wp-json\/wp\/v2\/categories?post=24704"},{"taxonomy":"post_tag","embeddable":true,"href":"https:\/\/armstrongyregion.com.ar\/diario\/wp-json\/wp\/v2\/tags?post=24704"}],"curies":[{"name":"wp","href":"https:\/\/api.w.org\/{rel}","templated":true}]}}