{"id":24682,"date":"2020-02-10T23:51:32","date_gmt":"2020-02-10T23:51:32","guid":{"rendered":"https:\/\/armstrongyregion.com.ar\/diario\/?p=24682"},"modified":"2020-02-10T23:51:37","modified_gmt":"2020-02-10T23:51:37","slug":"diego-mansilla-fue-designado-jefe-de-anses","status":"publish","type":"post","link":"https:\/\/armstrongyregion.com.ar\/diario\/diego-mansilla-fue-designado-jefe-de-anses\/","title":{"rendered":"Diego Mansilla fue designado  Jefe de ANSES."},"content":{"rendered":"\n<figure class=\"wp-block-image size-large\"><img loading=\"lazy\" decoding=\"async\" width=\"768\" height=\"584\" src=\"http:\/\/armstrongyregion.com.ar\/diario\/wp-content\/uploads\/2020\/02\/diego-anses-1-.jpg\" alt=\"\" class=\"wp-image-24683\" srcset=\"https:\/\/armstrongyregion.com.ar\/diario\/wp-content\/uploads\/2020\/02\/diego-anses-1-.jpg 768w, https:\/\/armstrongyregion.com.ar\/diario\/wp-content\/uploads\/2020\/02\/diego-anses-1--300x228.jpg 300w\" sizes=\"auto, (max-width: 768px) 100vw, 768px\" \/><\/figure>\n\n\n\n<p>El ex intendente de la ciudad de Las Parejas y ex\nParlamentario del Mercosur, Dr. Diego Mansilla, fue designado por el gobierno nacional\nJefe de Anses para &nbsp;el litoral Argentino.<\/p>\n\n\n\n<figure class=\"wp-block-image size-large\"><img loading=\"lazy\" decoding=\"async\" width=\"768\" height=\"448\" src=\"http:\/\/armstrongyregion.com.ar\/diario\/wp-content\/uploads\/2020\/02\/diego-anses-2-.jpg\" alt=\"\" class=\"wp-image-24684\" srcset=\"https:\/\/armstrongyregion.com.ar\/diario\/wp-content\/uploads\/2020\/02\/diego-anses-2-.jpg 768w, https:\/\/armstrongyregion.com.ar\/diario\/wp-content\/uploads\/2020\/02\/diego-anses-2--300x175.jpg 300w\" sizes=\"auto, (max-width: 768px) 100vw, 768px\" \/><\/figure>\n\n\n\n<p>El funcionario expres\u00f3: \u201cEs un gran honor haber sido\ndesignado Jefe de Anses y tener&nbsp; a cargo\nel Litoral de nuestro pa\u00eds\u201d.<\/p>\n\n\n\n<p>Luego a\u00f1adi\u00f3: \u201cJunto a Alejandro Vanoli, Santiago Fraschina\ny&nbsp; Juan Modarelli vamos a trabajar\nacompa\u00f1ando a Alberto Fern\u00e1ndez y Cristina Fern\u00e1ndez de Kirchner en el Gobierno\nNacional para poner a la Argentina De Pie, empezando por los que m\u00e1s necesitan\npara poder llegar a todos\u201d.<\/p>\n","protected":false},"excerpt":{"rendered":"<p>Diego Mansilla fue designado  Jefe de ANSES.<\/p>\n","protected":false},"author":1,"featured_media":24683,"comment_status":"open","ping_status":"open","sticky":false,"template":"","format":"image","meta":{"_jetpack_memberships_contains_paid_content":false,"footnotes":"","jetpack_publicize_message":"","jetpack_publicize_feature_enabled":true,"jetpack_social_post_already_shared":true,"jetpack_social_options":{"image_generator_settings":{"template":"highway","default_image_id":0,"enabled":false},"version":2}},"categories":[8,1,2,7,3],"tags":[],"class_list":["post-24682","post","type-post","status-publish","format-image","has-post-thumbnail","hentry","category-deliberando","category-diario-armstrong","category-locales","category-politica","category-region","post_format-post-format-image"],"jetpack_publicize_connections":[],"jetpack_featured_media_url":"https:\/\/armstrongyregion.com.ar\/diario\/wp-content\/uploads\/2020\/02\/diego-anses-1-.jpg","jetpack_shortlink":"https:\/\/wp.me\/p62QDO-6q6","jetpack_sharing_enabled":true,"amp_enabled":true,"_links":{"self":[{"href":"https:\/\/armstrongyregion.com.ar\/diario\/wp-json\/wp\/v2\/posts\/24682","targetHints":{"allow":["GET"]}}],"collection":[{"href":"https:\/\/armstrongyregion.com.ar\/diario\/wp-json\/wp\/v2\/posts"}],"about":[{"href":"https:\/\/armstrongyregion.com.ar\/diario\/wp-json\/wp\/v2\/types\/post"}],"author":[{"embeddable":true,"href":"https:\/\/armstrongyregion.com.ar\/diario\/wp-json\/wp\/v2\/users\/1"}],"replies":[{"embeddable":true,"href":"https:\/\/armstrongyregion.com.ar\/diario\/wp-json\/wp\/v2\/comments?post=24682"}],"version-history":[{"count":1,"href":"https:\/\/armstrongyregion.com.ar\/diario\/wp-json\/wp\/v2\/posts\/24682\/revisions"}],"predecessor-version":[{"id":24685,"href":"https:\/\/armstrongyregion.com.ar\/diario\/wp-json\/wp\/v2\/posts\/24682\/revisions\/24685"}],"wp:featuredmedia":[{"embeddable":true,"href":"https:\/\/armstrongyregion.com.ar\/diario\/wp-json\/wp\/v2\/media\/24683"}],"wp:attachment":[{"href":"https:\/\/armstrongyregion.com.ar\/diario\/wp-json\/wp\/v2\/media?parent=24682"}],"wp:term":[{"taxonomy":"category","embeddable":true,"href":"https:\/\/armstrongyregion.com.ar\/diario\/wp-json\/wp\/v2\/categories?post=24682"},{"taxonomy":"post_tag","embeddable":true,"href":"https:\/\/armstrongyregion.com.ar\/diario\/wp-json\/wp\/v2\/tags?post=24682"}],"curies":[{"name":"wp","href":"https:\/\/api.w.org\/{rel}","templated":true}]}}