{"id":2468,"date":"2015-06-02T21:38:17","date_gmt":"2015-06-02T21:38:17","guid":{"rendered":"https:\/\/armstrongyregion.com.ar\/diario\/?p=2468"},"modified":"2015-06-02T21:38:17","modified_gmt":"2015-06-02T21:38:17","slug":"armstrong-se-suma-a-la-lucha-ni-una-menos","status":"publish","type":"post","link":"https:\/\/armstrongyregion.com.ar\/diario\/armstrong-se-suma-a-la-lucha-ni-una-menos\/","title":{"rendered":"Armstrong se suma a la lucha # Ni una menos."},"content":{"rendered":"<p><a href=\"http:\/\/armstrongyregion.com.ar\/diario\/wp-content\/uploads\/2015\/06\/11390289_10206745395012613_3407031168910692463_n.jpg\"><img loading=\"lazy\" decoding=\"async\" class=\"alignnone size-medium wp-image-2469\" src=\"http:\/\/armstrongyregion.com.ar\/diario\/wp-content\/uploads\/2015\/06\/11390289_10206745395012613_3407031168910692463_n-300x300.jpg\" alt=\"ni una menos\" width=\"300\" height=\"300\" srcset=\"https:\/\/armstrongyregion.com.ar\/diario\/wp-content\/uploads\/2015\/06\/11390289_10206745395012613_3407031168910692463_n-300x300.jpg 300w, https:\/\/armstrongyregion.com.ar\/diario\/wp-content\/uploads\/2015\/06\/11390289_10206745395012613_3407031168910692463_n-150x150.jpg 150w, https:\/\/armstrongyregion.com.ar\/diario\/wp-content\/uploads\/2015\/06\/11390289_10206745395012613_3407031168910692463_n.jpg 640w\" sizes=\"auto, (max-width: 300px) 100vw, 300px\" \/><\/a>La municipalidad de Armstrong, junto al concejo deliberante y reinas institucionales, invitan a hombres y mujeres a que se sumen a la lucha contra la violencia de g\u00e9nero #Ni una menos, basta de femicidios, ma\u00f1ana mi\u00e9rcoles a las 19hs, en el Sal\u00f3n Delmo Dar\u00f3, donde se realizara una charla abierta con las profesionales Gabriela Rojas y Romina Bergani, psic\u00f3logas y la Dra. Natalia Gonzalez, abogada.<br \/>\nEn el marco de nuevos femicidios en nuestro pa\u00eds, y de las escalofriantes cifras que se vienen dando a conocer, la UNLP, desde su Direcci\u00f3n General de Derechos Humanos, junto a distintos sectores vinculados a la Lucha Contra la Violencia de Genero, Organismos de Derechos Humanos, Organizaciones Sociales, y distintos actores de la comunidad, convocan para el mi\u00e9rcoles 3 de Junio a las 17 hs al Congreso de la Naci\u00f3n, para reclamar la plena aplicaci\u00f3n de la Ley N\u00b0 26.485, de Protecci\u00f3n Integral para prevenir, sancionar y erradicar la violencia contra las mujeres en los \u00e1mbitos en que desarrollen sus relaciones interpersonales; y por un Plan Nacional Integral para fortalecer la mirada de g\u00e9nero y para prevenir, asistir y erradicar la violencia contra las mujeres, que se plasme en dispositivos que fortalezcan la prevenci\u00f3n y atenci\u00f3n adecuada de las violencias.<\/p>\n<p>En los \u00faltimos tiempos la violencia psicol\u00f3gica, patrimonial, simb\u00f3lica, f\u00edsica y sexual contra las mujeres, avanza de la mano del femicidio fuertemente. No existen cifras oficiales pero seg\u00fan los informes que elabora el Observatorio de Femicidios en la Argentina de la Asociaci\u00f3n Civil La Casa del Encuentro, en los \u00faltimos siete a\u00f1os, 1808 mujeres y ni\u00f1as adolescentes, fueron asesinadas en contexto de violencia de g\u00e9nero, es decir, una mujer aproximadamente cada 30 horas es asesinada. Le sumamos a este dato que cada 30 horas ni\u00f1os, ni\u00f1as, adolescentes y j\u00f3venes pierden a sus madres.<\/p>\n","protected":false},"excerpt":{"rendered":"<p>La municipalidad de Armstrong, junto al concejo deliberante y reinas institucionales, invitan a hombres y mujeres a que se sumen a la lucha contra la violencia de g\u00e9nero #Ni una menos, basta de femicidios, ma\u00f1ana mi\u00e9rcoles a las 19hs, en el Sal\u00f3n Delmo Dar\u00f3, donde se realizara una charla abierta con las profesionales Gabriela Rojas <a href=\"https:\/\/armstrongyregion.com.ar\/diario\/armstrong-se-suma-a-la-lucha-ni-una-menos\/\" title=\"Read more\" >&#8230;<\/a><\/p>\n","protected":false},"author":2,"featured_media":2469,"comment_status":"open","ping_status":"open","sticky":false,"template":"","format":"standard","meta":{"_jetpack_memberships_contains_paid_content":false,"footnotes":"","jetpack_publicize_message":"","jetpack_publicize_feature_enabled":true,"jetpack_social_post_already_shared":false,"jetpack_social_options":{"image_generator_settings":{"template":"highway","default_image_id":0,"enabled":false},"version":2}},"categories":[1,2,4],"tags":[33,20,31,1888,1773,1772,86,1771,103],"class_list":["post-2468","post","type-post","status-publish","format-standard","has-post-thumbnail","hentry","category-diario-armstrong","category-locales","category-prevencion-salud","tag-a","tag-armstrong","tag-la","tag-lucha","tag-menos","tag-ni","tag-se","tag-suma","tag-una"],"jetpack_publicize_connections":[],"jetpack_featured_media_url":"https:\/\/armstrongyregion.com.ar\/diario\/wp-content\/uploads\/2015\/06\/11390289_10206745395012613_3407031168910692463_n.jpg","jetpack_shortlink":"https:\/\/wp.me\/p62QDO-DO","jetpack_sharing_enabled":true,"amp_enabled":true,"_links":{"self":[{"href":"https:\/\/armstrongyregion.com.ar\/diario\/wp-json\/wp\/v2\/posts\/2468","targetHints":{"allow":["GET"]}}],"collection":[{"href":"https:\/\/armstrongyregion.com.ar\/diario\/wp-json\/wp\/v2\/posts"}],"about":[{"href":"https:\/\/armstrongyregion.com.ar\/diario\/wp-json\/wp\/v2\/types\/post"}],"author":[{"embeddable":true,"href":"https:\/\/armstrongyregion.com.ar\/diario\/wp-json\/wp\/v2\/users\/2"}],"replies":[{"embeddable":true,"href":"https:\/\/armstrongyregion.com.ar\/diario\/wp-json\/wp\/v2\/comments?post=2468"}],"version-history":[{"count":0,"href":"https:\/\/armstrongyregion.com.ar\/diario\/wp-json\/wp\/v2\/posts\/2468\/revisions"}],"wp:featuredmedia":[{"embeddable":true,"href":"https:\/\/armstrongyregion.com.ar\/diario\/wp-json\/wp\/v2\/media\/2469"}],"wp:attachment":[{"href":"https:\/\/armstrongyregion.com.ar\/diario\/wp-json\/wp\/v2\/media?parent=2468"}],"wp:term":[{"taxonomy":"category","embeddable":true,"href":"https:\/\/armstrongyregion.com.ar\/diario\/wp-json\/wp\/v2\/categories?post=2468"},{"taxonomy":"post_tag","embeddable":true,"href":"https:\/\/armstrongyregion.com.ar\/diario\/wp-json\/wp\/v2\/tags?post=2468"}],"curies":[{"name":"wp","href":"https:\/\/api.w.org\/{rel}","templated":true}]}}