{"id":24649,"date":"2020-02-07T13:40:14","date_gmt":"2020-02-07T13:40:14","guid":{"rendered":"https:\/\/armstrongyregion.com.ar\/diario\/?p=24649"},"modified":"2020-02-07T13:40:21","modified_gmt":"2020-02-07T13:40:21","slug":"cornaglia-participo-de-dos-actos-importantes-en-santa-fe","status":"publish","type":"post","link":"https:\/\/armstrongyregion.com.ar\/diario\/cornaglia-participo-de-dos-actos-importantes-en-santa-fe\/","title":{"rendered":"Cornaglia participo de dos actos importantes en Santa Fe."},"content":{"rendered":"\n<figure class=\"wp-block-image size-large\"><img loading=\"lazy\" decoding=\"async\" width=\"768\" height=\"403\" src=\"http:\/\/armstrongyregion.com.ar\/diario\/wp-content\/uploads\/2020\/02\/GC-2020-02-07-Fb-Precios-Santafesinos-1.jpg\" alt=\"\" class=\"wp-image-24650\" srcset=\"https:\/\/armstrongyregion.com.ar\/diario\/wp-content\/uploads\/2020\/02\/GC-2020-02-07-Fb-Precios-Santafesinos-1.jpg 768w, https:\/\/armstrongyregion.com.ar\/diario\/wp-content\/uploads\/2020\/02\/GC-2020-02-07-Fb-Precios-Santafesinos-1-300x157.jpg 300w\" sizes=\"auto, (max-width: 768px) 100vw, 768px\" \/><\/figure>\n\n\n\n<h2 class=\"wp-block-heading\">Ambos actos se realizaron en el Sal\u00f3n Blanco de la Casa de Gobierno de Santa Fe y estuvieron encabezados por el gobernador Omar Perotti y la vicegobernadora Alejandra Rodenas.<\/h2>\n\n\n\n<h2 class=\"wp-block-heading\"><br><\/h2>\n\n\n\n<p>El senador provincial Guillermo Cornaglia estuvo presente durante la firma del Convenio de Compromiso Federal de Cooperaci\u00f3n para la Federalizar la Infraestructura y el Desarrollo Regional y la presentaci\u00f3n del programa Precios Santafesinos.<\/p>\n\n\n\n<figure class=\"wp-block-image\"><img decoding=\"async\" src=\"https:\/\/mail.google.com\/mail\/u\/0?ui=2&amp;ik=b40ff843d4&amp;attid=0.2&amp;permmsgid=msg-f:1657836809588014899&amp;th=1701d1cb730f7f33&amp;view=fimg&amp;sz=s0-l75-ft&amp;attbid=ANGjdJ_4PN_ZWJhVus4WJZbhdjLW3xjV68Y5NljDNmCUUKHyh0BueZHJ_2WouUDCJCNy_VEKU7ldGtj0_l0GND42G_gA8XpuT5UQpWm9_k7UQKYvbE6Dk4ROfqLNo4o&amp;disp=emb&amp;realattid=d8f2ed8c-6713-468a-8c9d-e617b1f0353e\" alt=\"GC - 2020-02-07- Fb - Convenio Compromiso de Cooperaci\u00f3n para Federalizar la Infraestructura y el Desarrollo Regional.jpg\"\/><\/figure>\n\n\n\n<p>Cornaglia manifest\u00f3 que se est\u00e1 analizando conjuntamente con intendentes, presidentes comunales y legisladores las principales obras nacionales a retomar y, en relaci\u00f3n al programa \u00abPrecios Santafesinos\u00bb, cont\u00f3 que la iniciativa consiste en una lista de 90 productos realizados en nuestra provincia, con precios de referencia en las g\u00f3ndolas de los comercios, siendo \u00e9sta una herramienta m\u00e1s para hacerle frente a la inflaci\u00f3n.<br>&#8212;\n\n<\/p>\n\n\n\n<p><\/p>\n","protected":false},"excerpt":{"rendered":"<p>Cornaglia participo de dos actos importantes en Santa Fe.<\/p>\n","protected":false},"author":1,"featured_media":24650,"comment_status":"open","ping_status":"open","sticky":false,"template":"","format":"image","meta":{"_jetpack_memberships_contains_paid_content":false,"footnotes":"","jetpack_publicize_message":"","jetpack_publicize_feature_enabled":true,"jetpack_social_post_already_shared":true,"jetpack_social_options":{"image_generator_settings":{"template":"highway","default_image_id":0,"enabled":false},"version":2}},"categories":[8,1,2,7,3],"tags":[],"class_list":["post-24649","post","type-post","status-publish","format-image","has-post-thumbnail","hentry","category-deliberando","category-diario-armstrong","category-locales","category-politica","category-region","post_format-post-format-image"],"jetpack_publicize_connections":[],"jetpack_featured_media_url":"https:\/\/armstrongyregion.com.ar\/diario\/wp-content\/uploads\/2020\/02\/GC-2020-02-07-Fb-Precios-Santafesinos-1.jpg","jetpack_shortlink":"https:\/\/wp.me\/p62QDO-6pz","jetpack_sharing_enabled":true,"amp_enabled":true,"_links":{"self":[{"href":"https:\/\/armstrongyregion.com.ar\/diario\/wp-json\/wp\/v2\/posts\/24649","targetHints":{"allow":["GET"]}}],"collection":[{"href":"https:\/\/armstrongyregion.com.ar\/diario\/wp-json\/wp\/v2\/posts"}],"about":[{"href":"https:\/\/armstrongyregion.com.ar\/diario\/wp-json\/wp\/v2\/types\/post"}],"author":[{"embeddable":true,"href":"https:\/\/armstrongyregion.com.ar\/diario\/wp-json\/wp\/v2\/users\/1"}],"replies":[{"embeddable":true,"href":"https:\/\/armstrongyregion.com.ar\/diario\/wp-json\/wp\/v2\/comments?post=24649"}],"version-history":[{"count":1,"href":"https:\/\/armstrongyregion.com.ar\/diario\/wp-json\/wp\/v2\/posts\/24649\/revisions"}],"predecessor-version":[{"id":24651,"href":"https:\/\/armstrongyregion.com.ar\/diario\/wp-json\/wp\/v2\/posts\/24649\/revisions\/24651"}],"wp:featuredmedia":[{"embeddable":true,"href":"https:\/\/armstrongyregion.com.ar\/diario\/wp-json\/wp\/v2\/media\/24650"}],"wp:attachment":[{"href":"https:\/\/armstrongyregion.com.ar\/diario\/wp-json\/wp\/v2\/media?parent=24649"}],"wp:term":[{"taxonomy":"category","embeddable":true,"href":"https:\/\/armstrongyregion.com.ar\/diario\/wp-json\/wp\/v2\/categories?post=24649"},{"taxonomy":"post_tag","embeddable":true,"href":"https:\/\/armstrongyregion.com.ar\/diario\/wp-json\/wp\/v2\/tags?post=24649"}],"curies":[{"name":"wp","href":"https:\/\/api.w.org\/{rel}","templated":true}]}}