{"id":24641,"date":"2020-02-07T00:13:09","date_gmt":"2020-02-07T00:13:09","guid":{"rendered":"https:\/\/armstrongyregion.com.ar\/diario\/?p=24641"},"modified":"2020-02-07T00:13:15","modified_gmt":"2020-02-07T00:13:15","slug":"compromiso-federal-para-obras-publicas-en-santa-fe","status":"publish","type":"post","link":"https:\/\/armstrongyregion.com.ar\/diario\/compromiso-federal-para-obras-publicas-en-santa-fe\/","title":{"rendered":"Compromiso federal para obras p\u00fablicas en Santa Fe"},"content":{"rendered":"\n<figure class=\"wp-block-image size-large\"><img loading=\"lazy\" decoding=\"async\" width=\"768\" height=\"431\" src=\"http:\/\/armstrongyregion.com.ar\/diario\/wp-content\/uploads\/2020\/02\/2020-02-06NID_267073O_1.jpeg\" alt=\"\" class=\"wp-image-24642\" srcset=\"https:\/\/armstrongyregion.com.ar\/diario\/wp-content\/uploads\/2020\/02\/2020-02-06NID_267073O_1.jpeg 768w, https:\/\/armstrongyregion.com.ar\/diario\/wp-content\/uploads\/2020\/02\/2020-02-06NID_267073O_1-300x168.jpeg 300w\" sizes=\"auto, (max-width: 768px) 100vw, 768px\" \/><\/figure>\n\n\n\n<p><em>Junto al ministro nacional de Obras P\u00fablicas, Gabriel Katopodis, Perotti rubric\u00f3 un compromiso para recibir fondos de Naci\u00f3n destinados a obras prioritarias para Santa Fe.<\/em><\/p>\n\n\n\n<p>\u00abEste encuentro es&nbsp; la concreci\u00f3n de una jornada de trabajo que tiene antecedentes desde los primeros d\u00edas de gesti\u00f3n. Hoy analizamos con intendentes, presidentes comunales y legisladores las principales obras nacionales en ejecuci\u00f3n paralizadas a retomar y los trabajos futuros en conjunto\u00bb, destac\u00f3 el gobernador de Santa Fe.&nbsp;<\/p>\n\n\n\n<p>\u00abEn este marco, la aprobaci\u00f3n de la Ley de Necesidad P\u00fablica va a ser un elemento para empezar a resolver c\u00f3mo podemos continuar obras, c\u00f3mo podemos seguir sosteniendo ritmos de trabajo, c\u00f3mo podemos sostener empleo. Esperamos que haya una conjunci\u00f3n de esfuerzos para que podamos superar este momento adverso de la mejor manera\u00bb, remarc\u00f3 Perotti, y agreg\u00f3: \u201cLa provincia atraviesa una situaci\u00f3n muy dif\u00edcil, pero la vamos a sacar adelante. Hoy nos toca ponerla de pie\u201d.<\/p>\n\n\n\n<p>Por su parte, Katopodis detall\u00f3 que \u00aben esta provincia, las prioridades que aparecen muy marcadas son la ruta 34, la ruta 33, la ruta 11, las obras vinculadas a la laguna de Melincu\u00e9 y del Canal Vila &#8211; Culul\u00fa. Y adem\u00e1s obras que est\u00e1n hoy tambi\u00e9n paralizadas, como es el acueducto en la ciudad de Santa Fe, las obras cloacales en la ciudad capital y Villa Constituci\u00f3n, el acueducto en San Lorenzo, poder avanzar r\u00e1pidamente con una primera etapa que permita la utilizaci\u00f3n de la penitenciaria de Coronda. Tenemos tambi\u00e9n proyectos vinculados a la Universidad Nacional de Rosario, que tambi\u00e9n han sido marcados como prioridades\u00bb.<\/p>\n\n\n\n<p>\u00abTenemos una agenda intensa de trabajo, que tiene que permitirnos poner en marcha la obra p\u00fablica en Santa Fe, acompa\u00f1ar las prioridades que defina el gobernador y poder empezar a generar desde la obra p\u00fablica una palanca que mejore el desarrollo y reactive la econom\u00eda de nuestro pa\u00eds\u00bb, finaliz\u00f3 el ministro de Obras P\u00fablicas de la naci\u00f3n..<\/p>\n\n\n\n<p><strong>MONUMENTO A LA BANDERA<\/strong><br>Sobre las obras en el Monumento Nacional a la Bandera, el ministro de Obras P\u00fablicas de la Naci\u00f3n afirm\u00f3 que \u00abvamos a hacer todas las tareas de mantenimiento y de puesta en valor. Nos vamos a sentar con las autoridades locales para poder conformar una agenda y que tengamos ese monumento en las condiciones que lo tenemos que tener. En una primera etapa hasta el 20 de junio y a partir de esa fecha con una segunda etapa de obras\u00bb.<\/p>\n\n\n\n<p><strong>DESAG\u00dcE ESPORA<\/strong><br>En cuanto a las obras del desag\u00fce Espora, Katopodis se\u00f1al\u00f3 que \u00abla decisi\u00f3n es retomar las obras, la ciudad de Santa Fe nos ha planteado ceder el contrato y avanzar en la regularizaci\u00f3n administrativa del contrato; y que podamos retomar una obra que se que es muy necesaria, pero que adem\u00e1s hoy est\u00e1 generando mucho perjuicio para los vecinos\u00bb, concluy\u00f3 Katopodis.&nbsp;<\/p>\n\n\n\n<p><strong>TRABAJO CONJUNTO ENTRE PROVINCIA Y NACI\u00d3N<\/strong><br>A su turno, la ministra de Infraestructura, Servicios P\u00fablicos y H\u00e1bitat, Silvina Frana, agradeci\u00f3 la presencia de los funcionarios nacionales, \u00abque en nombre del presidente de la Naci\u00f3n, vienen a recuperar aquello que la provincia hab\u00eda perdido, el trabajo conjunto entre la Naci\u00f3n y la provincia\u00bb, y record\u00f3 que \u00aben los primeros d\u00edas del mes de enero, cuando con el gobernador visitamos al ministro, se empezaron a verificar qu\u00e9 obras estaban en marcha, qu\u00e9 faltaba por hacer, cu\u00e1les eran las urgencias\u00bb.<\/p>\n\n\n\n<p>En tanto, el secretario de Obras P\u00fablicas de la Naci\u00f3n, Mart\u00edn Gil, se\u00f1al\u00f3 que \u00abestamos recorriendo cada rinc\u00f3n de la Argentina, tomando contacto con las autoridades, para saldar deudas hist\u00f3ricas y hacer un pa\u00eds m\u00e1s integrado, justo, y con m\u00e1s desarrollo\u00bb.&nbsp;&nbsp;<\/p>\n\n\n\n<p>\u00abEn la provincia de Santa Fe, venimos trabajando en distintas l\u00edneas de acci\u00f3n: el complejo carcelario en Coronda, en infraestructura universitaria, y en el marco de \u00abArgentina Hace\u00bb procuramos llegar a las peque\u00f1as localidades con obras peque\u00f1as pero que son capaces de dinamizar la econom\u00eda y generar nuevas fuentes de trabajo, incluso con perspectiva de g\u00e9nero\u00bb, concluy\u00f3 Gil.<\/p>\n\n\n\n<p><strong>COMPROMISO FEDERAL DE COOPERACI\u00d3N<\/strong><br>El objetivo de dicho convenio son aunar esfuerzos y brindar colaboraci\u00f3n mutua al mejoramiento de las condiciones para los habitantes de los pueblos y ciudades que conforman la Provincia de Santa Fe.<\/p>\n\n\n\n<p>Para tal fin, se conformar\u00e1 una unidad de gesti\u00f3n con el prop\u00f3sito de compartir diagn\u00f3sticos, promover el monitoreo ciudadano de la obra p\u00fablica, y facilitar \u00e1mbitos de di\u00e1logo referidos a la integridad y la \u00e9tica p\u00fablica. En ese marco, se prev\u00e9 expresamente la posibilidad de recurrir al financiamiento por parte del Gobierno Nacional, del Gobierno Provincial y\/o de Organismos Internacionales.<\/p>\n","protected":false},"excerpt":{"rendered":"<p>Compromiso federal para obras p\u00fablicas en Santa Fe<\/p>\n","protected":false},"author":1,"featured_media":24642,"comment_status":"open","ping_status":"open","sticky":false,"template":"","format":"image","meta":{"_jetpack_memberships_contains_paid_content":false,"footnotes":"","jetpack_publicize_message":"","jetpack_publicize_feature_enabled":true,"jetpack_social_post_already_shared":true,"jetpack_social_options":{"image_generator_settings":{"template":"highway","default_image_id":0,"enabled":false},"version":2}},"categories":[8,1,2,7,3],"tags":[],"class_list":["post-24641","post","type-post","status-publish","format-image","has-post-thumbnail","hentry","category-deliberando","category-diario-armstrong","category-locales","category-politica","category-region","post_format-post-format-image"],"jetpack_publicize_connections":[],"jetpack_featured_media_url":"https:\/\/armstrongyregion.com.ar\/diario\/wp-content\/uploads\/2020\/02\/2020-02-06NID_267073O_1.jpeg","jetpack_shortlink":"https:\/\/wp.me\/p62QDO-6pr","jetpack_sharing_enabled":true,"amp_enabled":true,"_links":{"self":[{"href":"https:\/\/armstrongyregion.com.ar\/diario\/wp-json\/wp\/v2\/posts\/24641","targetHints":{"allow":["GET"]}}],"collection":[{"href":"https:\/\/armstrongyregion.com.ar\/diario\/wp-json\/wp\/v2\/posts"}],"about":[{"href":"https:\/\/armstrongyregion.com.ar\/diario\/wp-json\/wp\/v2\/types\/post"}],"author":[{"embeddable":true,"href":"https:\/\/armstrongyregion.com.ar\/diario\/wp-json\/wp\/v2\/users\/1"}],"replies":[{"embeddable":true,"href":"https:\/\/armstrongyregion.com.ar\/diario\/wp-json\/wp\/v2\/comments?post=24641"}],"version-history":[{"count":1,"href":"https:\/\/armstrongyregion.com.ar\/diario\/wp-json\/wp\/v2\/posts\/24641\/revisions"}],"predecessor-version":[{"id":24643,"href":"https:\/\/armstrongyregion.com.ar\/diario\/wp-json\/wp\/v2\/posts\/24641\/revisions\/24643"}],"wp:featuredmedia":[{"embeddable":true,"href":"https:\/\/armstrongyregion.com.ar\/diario\/wp-json\/wp\/v2\/media\/24642"}],"wp:attachment":[{"href":"https:\/\/armstrongyregion.com.ar\/diario\/wp-json\/wp\/v2\/media?parent=24641"}],"wp:term":[{"taxonomy":"category","embeddable":true,"href":"https:\/\/armstrongyregion.com.ar\/diario\/wp-json\/wp\/v2\/categories?post=24641"},{"taxonomy":"post_tag","embeddable":true,"href":"https:\/\/armstrongyregion.com.ar\/diario\/wp-json\/wp\/v2\/tags?post=24641"}],"curies":[{"name":"wp","href":"https:\/\/api.w.org\/{rel}","templated":true}]}}