{"id":24444,"date":"2020-01-21T15:06:55","date_gmt":"2020-01-21T15:06:55","guid":{"rendered":"https:\/\/armstrongyregion.com.ar\/diario\/?p=24444"},"modified":"2020-01-21T15:07:01","modified_gmt":"2020-01-21T15:07:01","slug":"canada-de-gomez-gestiones-de-clerici-para-fortalecer-la-industria-local","status":"publish","type":"post","link":"https:\/\/armstrongyregion.com.ar\/diario\/canada-de-gomez-gestiones-de-clerici-para-fortalecer-la-industria-local\/","title":{"rendered":"Ca\u00f1ada de Gomez. Gestiones de Clerici para fortalecer la industria local."},"content":{"rendered":"\n<figure class=\"wp-block-image\"><img loading=\"lazy\" decoding=\"async\" width=\"768\" height=\"576\" src=\"http:\/\/armstrongyregion.com.ar\/diario\/wp-content\/uploads\/2020\/01\/WhatsApp-Image-2020-01-20-at-13.09.00.jpeg\" alt=\"\" class=\"wp-image-24445\" srcset=\"https:\/\/armstrongyregion.com.ar\/diario\/wp-content\/uploads\/2020\/01\/WhatsApp-Image-2020-01-20-at-13.09.00.jpeg 768w, https:\/\/armstrongyregion.com.ar\/diario\/wp-content\/uploads\/2020\/01\/WhatsApp-Image-2020-01-20-at-13.09.00-300x225.jpeg 300w\" sizes=\"auto, (max-width: 768px) 100vw, 768px\" \/><\/figure>\n\n\n\n<h2 class=\"wp-block-heading\"><\/h2>\n\n\n\n<p>La intendenta anunci\u00f3 que Secretar\u00eda de Industria de Naci\u00f3n incluy\u00f3 a la industria del mueble dentro de las ramas protegidas. Junto a autoridades del gobierno de Santa Fe recorri\u00f3 empresas de la ciudad.<\/p>\n\n\n\n<p>La intendenta Stella Cl\u00e9rici junto al secretario de Producci\u00f3n Hern\u00e1n Zoff y los representantes del Ministerio de Producci\u00f3n, Ciencia y Tecnolog\u00eda de Santa Fe, Claudio Mossuz, secretario de Industria, Jorge Torelli, secretario de Agroalimnetos y Marcelo Cogno, director de Fortalecimiento Industrial; recorrieron empresas radicadas en nuestro Parque Industrial y del sector alimenticio.<\/p>\n\n\n\n<p>En este marco anunci\u00f3 la excelente noticia que Naci\u00f3n incluy\u00f3 al sector del mueble como industria protegida y se ver\u00e1 beneficiada con las licencias no autom\u00e1ticas,&nbsp;para el&nbsp;control del ingreso de manufacturas extrajeras,&nbsp;como medida de protecci\u00f3n del mueble local. \u201cEstamos trabajando en acciones conjuntas para fortalecer la industria local y generar m\u00e1s fuentes de empleo,&nbsp; mientras celebramos esta medida desde Naci\u00f3n que beneficiar\u00e1 a nuestra industria del mueble\u201d, destac\u00f3 Cl\u00e9rici.&nbsp;<br><\/p>\n\n\n\n<p><\/p>\n","protected":false},"excerpt":{"rendered":"<p>Ca\u00f1ada de Gomez. Gestiones de Clerici para fortalecer la industria local.<\/p>\n","protected":false},"author":1,"featured_media":24445,"comment_status":"open","ping_status":"open","sticky":false,"template":"","format":"image","meta":{"_jetpack_memberships_contains_paid_content":false,"footnotes":"","jetpack_publicize_message":"","jetpack_publicize_feature_enabled":true,"jetpack_social_post_already_shared":true,"jetpack_social_options":{"image_generator_settings":{"template":"highway","default_image_id":0,"enabled":false},"version":2}},"categories":[8,1,2,7,3],"tags":[],"class_list":["post-24444","post","type-post","status-publish","format-image","has-post-thumbnail","hentry","category-deliberando","category-diario-armstrong","category-locales","category-politica","category-region","post_format-post-format-image"],"jetpack_publicize_connections":[],"jetpack_featured_media_url":"https:\/\/armstrongyregion.com.ar\/diario\/wp-content\/uploads\/2020\/01\/WhatsApp-Image-2020-01-20-at-13.09.00.jpeg","jetpack_shortlink":"https:\/\/wp.me\/p62QDO-6mg","jetpack_sharing_enabled":true,"amp_enabled":true,"_links":{"self":[{"href":"https:\/\/armstrongyregion.com.ar\/diario\/wp-json\/wp\/v2\/posts\/24444","targetHints":{"allow":["GET"]}}],"collection":[{"href":"https:\/\/armstrongyregion.com.ar\/diario\/wp-json\/wp\/v2\/posts"}],"about":[{"href":"https:\/\/armstrongyregion.com.ar\/diario\/wp-json\/wp\/v2\/types\/post"}],"author":[{"embeddable":true,"href":"https:\/\/armstrongyregion.com.ar\/diario\/wp-json\/wp\/v2\/users\/1"}],"replies":[{"embeddable":true,"href":"https:\/\/armstrongyregion.com.ar\/diario\/wp-json\/wp\/v2\/comments?post=24444"}],"version-history":[{"count":1,"href":"https:\/\/armstrongyregion.com.ar\/diario\/wp-json\/wp\/v2\/posts\/24444\/revisions"}],"predecessor-version":[{"id":24446,"href":"https:\/\/armstrongyregion.com.ar\/diario\/wp-json\/wp\/v2\/posts\/24444\/revisions\/24446"}],"wp:featuredmedia":[{"embeddable":true,"href":"https:\/\/armstrongyregion.com.ar\/diario\/wp-json\/wp\/v2\/media\/24445"}],"wp:attachment":[{"href":"https:\/\/armstrongyregion.com.ar\/diario\/wp-json\/wp\/v2\/media?parent=24444"}],"wp:term":[{"taxonomy":"category","embeddable":true,"href":"https:\/\/armstrongyregion.com.ar\/diario\/wp-json\/wp\/v2\/categories?post=24444"},{"taxonomy":"post_tag","embeddable":true,"href":"https:\/\/armstrongyregion.com.ar\/diario\/wp-json\/wp\/v2\/tags?post=24444"}],"curies":[{"name":"wp","href":"https:\/\/api.w.org\/{rel}","templated":true}]}}